{"id":3709,"date":"2025-01-24T13:33:45","date_gmt":"2025-01-24T12:33:45","guid":{"rendered":"https:\/\/fanprojekt-oldenburg.de\/?p=3709"},"modified":"2025-01-24T13:41:38","modified_gmt":"2025-01-24T12:41:38","slug":"ue","status":"publish","type":"post","link":"https:\/\/fanprojekt-oldenburg.de\/?p=3709","title":{"rendered":"\u00dcbernachtungsfahrt nach Hamburg"},"content":{"rendered":"\t\t<div data-elementor-type=\"wp-post\" data-elementor-id=\"3709\" class=\"elementor elementor-3709\" data-elementor-post-type=\"post\">\n\t\t\t\t\t\t<section class=\"elementor-section elementor-top-section elementor-element elementor-element-107c705 elementor-section-boxed elementor-section-height-default elementor-section-height-default\" data-id=\"107c705\" data-element_type=\"section\" data-e-type=\"section\">\n\t\t\t\t\t\t<div class=\"elementor-container elementor-column-gap-default\">\n\t\t\t\t\t<div class=\"elementor-column elementor-col-100 elementor-top-column elementor-element elementor-element-9c63b0d\" data-id=\"9c63b0d\" data-element_type=\"column\" data-e-type=\"column\">\n\t\t\t<div class=\"elementor-widget-wrap elementor-element-populated\">\n\t\t\t\t\t\t<div class=\"elementor-element elementor-element-4827200 elementor-widget elementor-widget-heading\" data-id=\"4827200\" data-element_type=\"widget\" data-e-type=\"widget\" data-widget_type=\"heading.default\">\n\t\t\t\t<div class=\"elementor-widget-container\">\n\t\t\t\t\t<h2 class=\"elementor-heading-title elementor-size-default\">+++ \u00dcbernachtungsfahrt nach Hamburg! +++ \ud83e\udd29<\/h2>\t\t\t\t<\/div>\n\t\t\t\t<\/div>\n\t\t\t\t<div class=\"elementor-element elementor-element-6a45dff elementor-widget elementor-widget-text-editor\" data-id=\"6a45dff\" data-element_type=\"widget\" data-e-type=\"widget\" data-widget_type=\"text-editor.default\">\n\t\t\t\t<div class=\"elementor-widget-container\">\n\t\t\t\t\t\t\t\t\t<p>Wir freuen uns sehr, wieder eine \u00dcbernachtungsfahrt f\u00fcr die unter 23-j\u00e4hrigen unter euch anbieten zu k\u00f6nnen. Diesmal geht es nach Hamburg und Norderstedt!<\/p><p>\ud83d\udcc5 Reisedaten: <br \/>Start: Samstag, 15. M\u00e4rz (10 Uhr) <br \/>R\u00fcckkehr: Sonntag, 16. M\u00e4rz (gegen 20 Uhr)<\/p><p>\ud83d\udecf Unterkunft: \u00dcbernachtung in einer Jugendherberge<\/p><p>Das Programm:<\/p><p>Samstag starten wir mit einem Besuch der KZ Gedenkst\u00e4tte Neuengamme. <span class=\"x7l2uk3 xt0e3qv\">#niewiederistjetzt<\/span> Danach geht\u00b4s weiter zur Jugendherberge und am Abend ist eine Bowling Session\ud83c\udfb3 geplant.<\/p><p>Sonntag haben wir nach dem Fr\u00fchst\u00fcck noch Zeit, Hamburg zu erkunden \ud83c\udf0a\ud83d\udcf8\ud83d\udd75\ufe0f\u200d\u2640\ufe0f, bevor wir weiter zum Spiel des VfB Oldenburg gegen St. Pauli II nach Norderstedt fahren.<\/p><p>\ud83d\udcb0 Kosten: Die Teilnahme kostet 50 \u20ac pro Person. <br \/>Darin enthalten sind: <br \/>\u2022 Tickets f\u00fcr alle Eintritte (au\u00dfer Stadionticket und Bowling-Leihschuhe) <br \/>\u2022 \u00dcbernachtung inkl. Fr\u00fchst\u00fcck <br \/>\u2022 S\u00e4mtliche Fahrtkosten<\/p><p>Wir haben 8 Pl\u00e4tze verf\u00fcgbar! Bei Interesse oder Fragen k\u00f6nnt ihr uns gerne kontaktieren.<\/p><p><span class=\"x7l2uk3 xt0e3qv\">#\u00fcbernachtungsfahrt<\/span> <span class=\"x7l2uk3 xt0e3qv\">#fu\u00dfballfansontour<\/span> <span class=\"x7l2uk3 xt0e3qv\">#fanprojektoldenburg<\/span> <span class=\"x7l2uk3 xt0e3qv\">#u23fahrt<\/span><\/p>\t\t\t\t\t\t\t\t<\/div>\n\t\t\t\t<\/div>\n\t\t\t\t\t<\/div>\n\t\t<\/div>\n\t\t\t\t\t<\/div>\n\t\t<\/section>\n\t\t\t\t<\/div>\n\t\t","protected":false},"excerpt":{"rendered":"<p>+++ \u00dcbernachtungsfahrt nach Hamburg! +++ \ud83e\udd29 Wir freuen uns sehr, wieder eine \u00dcbernachtungsfahrt f\u00fcr die unter 23-j\u00e4hrigen unter euch anbieten zu k\u00f6nnen. Diesmal geht es nach Hamburg und Norderstedt! \ud83d\udcc5 Reisedaten: Start: Samstag, 15. M\u00e4rz (10 Uhr) R\u00fcckkehr: Sonntag, 16. M\u00e4rz (gegen 20 Uhr) \ud83d\udecf Unterkunft: \u00dcbernachtung in einer Jugendherberge Das Programm: Samstag starten wir [&hellip;]<\/p>\n","protected":false},"author":5,"featured_media":3716,"comment_status":"open","ping_status":"open","sticky":false,"template":"","format":"standard","meta":{"_acf_changed":false,"footnotes":""},"categories":[10,1,9],"tags":[25,16,139,137,37,74,38,26,136],"class_list":["post-3709","post","type-post","status-publish","format-standard","has-post-thumbnail","hentry","category-aktion","category-allgemein","category-news","tag-auswaertsfahrt","tag-fanprojekt-oldenburg","tag-fussballfans-on-tour","tag-hamburg-entdecken","tag-offene-jugendarbeit","tag-regionalliga-nord","tag-soziale-arbeit-mit-fussballfans","tag-u-23-fahrt","tag-uebernachtungsfahrt"],"acf":[],"yoast_head":"<!-- This site is optimized with the Yoast SEO plugin v27.5 - https:\/\/yoast.com\/product\/yoast-seo-wordpress\/ -->\n<title>\u00dcbernachtungsfahrt nach Hamburg &#8212; Fanprojekt Oldenburg<\/title>\n<meta name=\"robots\" content=\"index, follow, max-snippet:-1, max-image-preview:large, max-video-preview:-1\" \/>\n<link rel=\"canonical\" href=\"https:\/\/fanprojekt-oldenburg.de\/?p=3709\" \/>\n<meta property=\"og:locale\" content=\"de_DE\" \/>\n<meta property=\"og:type\" content=\"article\" \/>\n<meta property=\"og:title\" content=\"\u00dcbernachtungsfahrt nach Hamburg &#8212; Fanprojekt Oldenburg\" \/>\n<meta property=\"og:description\" content=\"+++ \u00dcbernachtungsfahrt nach Hamburg! +++ \ud83e\udd29 Wir freuen uns sehr, wieder eine \u00dcbernachtungsfahrt f\u00fcr die unter 23-j\u00e4hrigen unter euch anbieten zu k\u00f6nnen. Diesmal geht es nach Hamburg und Norderstedt! \ud83d\udcc5 Reisedaten: Start: Samstag, 15. M\u00e4rz (10 Uhr) R\u00fcckkehr: Sonntag, 16. M\u00e4rz (gegen 20 Uhr) \ud83d\udecf Unterkunft: \u00dcbernachtung in einer Jugendherberge Das Programm: Samstag starten wir [&hellip;]\" \/>\n<meta property=\"og:url\" content=\"https:\/\/fanprojekt-oldenburg.de\/?p=3709\" \/>\n<meta property=\"og:site_name\" content=\"Fanprojekt Oldenburg\" \/>\n<meta property=\"article:published_time\" content=\"2025-01-24T12:33:45+00:00\" \/>\n<meta property=\"article:modified_time\" content=\"2025-01-24T12:41:38+00:00\" \/>\n<meta property=\"og:image\" content=\"https:\/\/fanprojekt-oldenburg.de\/wp-content\/uploads\/2025\/01\/Uebernachtung-St.-Pauli-II.jpg\" \/>\n\t<meta property=\"og:image:width\" content=\"1080\" \/>\n\t<meta property=\"og:image:height\" content=\"1080\" \/>\n\t<meta property=\"og:image:type\" content=\"image\/jpeg\" \/>\n<meta name=\"author\" content=\"Svenja\" \/>\n<meta name=\"twitter:card\" content=\"summary_large_image\" \/>\n<meta name=\"twitter:label1\" content=\"Verfasst von\" \/>\n\t<meta name=\"twitter:data1\" content=\"Svenja\" \/>\n\t<meta name=\"twitter:label2\" content=\"Gesch\u00e4tzte Lesezeit\" \/>\n\t<meta name=\"twitter:data2\" content=\"2\u00a0Minuten\" \/>\n<script type=\"application\/ld+json\" class=\"yoast-schema-graph\">{\"@context\":\"https:\\\/\\\/schema.org\",\"@graph\":[{\"@type\":\"Article\",\"@id\":\"https:\\\/\\\/fanprojekt-oldenburg.de\\\/?p=3709#article\",\"isPartOf\":{\"@id\":\"https:\\\/\\\/fanprojekt-oldenburg.de\\\/?p=3709\"},\"author\":{\"name\":\"Svenja\",\"@id\":\"https:\\\/\\\/fanprojekt-oldenburg.de\\\/#\\\/schema\\\/person\\\/d908e7ed93642952db2dac1ba1fcb541\"},\"headline\":\"\u00dcbernachtungsfahrt nach Hamburg\",\"datePublished\":\"2025-01-24T12:33:45+00:00\",\"dateModified\":\"2025-01-24T12:41:38+00:00\",\"mainEntityOfPage\":{\"@id\":\"https:\\\/\\\/fanprojekt-oldenburg.de\\\/?p=3709\"},\"wordCount\":155,\"commentCount\":0,\"publisher\":{\"@id\":\"https:\\\/\\\/fanprojekt-oldenburg.de\\\/#organization\"},\"image\":{\"@id\":\"https:\\\/\\\/fanprojekt-oldenburg.de\\\/?p=3709#primaryimage\"},\"thumbnailUrl\":\"https:\\\/\\\/fanprojekt-oldenburg.de\\\/wp-content\\\/uploads\\\/2025\\\/01\\\/Uebernachtung-St.-Pauli-II.jpg\",\"keywords\":[\"Ausw\u00e4rtsfahrt\",\"Fanprojekt Oldenburg\",\"Fu\u00dfballfans on Tour\",\"Hamburg entdecken\",\"Offene Jugendarbeit\",\"Regionalliga Nord\",\"Soziale Arbeit mit Fu\u00dfballfans\",\"U-23-Fahrt\",\"\u00dcbernachtungsfahrt\"],\"articleSection\":{\"0\":\"Aktion\",\"2\":\"News\"},\"inLanguage\":\"de\",\"potentialAction\":[{\"@type\":\"CommentAction\",\"name\":\"Comment\",\"target\":[\"https:\\\/\\\/fanprojekt-oldenburg.de\\\/?p=3709#respond\"]}]},{\"@type\":\"WebPage\",\"@id\":\"https:\\\/\\\/fanprojekt-oldenburg.de\\\/?p=3709\",\"url\":\"https:\\\/\\\/fanprojekt-oldenburg.de\\\/?p=3709\",\"name\":\"\u00dcbernachtungsfahrt nach Hamburg &#8212; Fanprojekt Oldenburg\",\"isPartOf\":{\"@id\":\"https:\\\/\\\/fanprojekt-oldenburg.de\\\/#website\"},\"primaryImageOfPage\":{\"@id\":\"https:\\\/\\\/fanprojekt-oldenburg.de\\\/?p=3709#primaryimage\"},\"image\":{\"@id\":\"https:\\\/\\\/fanprojekt-oldenburg.de\\\/?p=3709#primaryimage\"},\"thumbnailUrl\":\"https:\\\/\\\/fanprojekt-oldenburg.de\\\/wp-content\\\/uploads\\\/2025\\\/01\\\/Uebernachtung-St.-Pauli-II.jpg\",\"datePublished\":\"2025-01-24T12:33:45+00:00\",\"dateModified\":\"2025-01-24T12:41:38+00:00\",\"breadcrumb\":{\"@id\":\"https:\\\/\\\/fanprojekt-oldenburg.de\\\/?p=3709#breadcrumb\"},\"inLanguage\":\"de\",\"potentialAction\":[{\"@type\":\"ReadAction\",\"target\":[\"https:\\\/\\\/fanprojekt-oldenburg.de\\\/?p=3709\"]}]},{\"@type\":\"ImageObject\",\"inLanguage\":\"de\",\"@id\":\"https:\\\/\\\/fanprojekt-oldenburg.de\\\/?p=3709#primaryimage\",\"url\":\"https:\\\/\\\/fanprojekt-oldenburg.de\\\/wp-content\\\/uploads\\\/2025\\\/01\\\/Uebernachtung-St.-Pauli-II.jpg\",\"contentUrl\":\"https:\\\/\\\/fanprojekt-oldenburg.de\\\/wp-content\\\/uploads\\\/2025\\\/01\\\/Uebernachtung-St.-Pauli-II.jpg\",\"width\":1080,\"height\":1080},{\"@type\":\"BreadcrumbList\",\"@id\":\"https:\\\/\\\/fanprojekt-oldenburg.de\\\/?p=3709#breadcrumb\",\"itemListElement\":[{\"@type\":\"ListItem\",\"position\":1,\"name\":\"Startseite\",\"item\":\"https:\\\/\\\/fanprojekt-oldenburg.de\\\/\"},{\"@type\":\"ListItem\",\"position\":2,\"name\":\"\u00dcbernachtungsfahrt nach Hamburg\"}]},{\"@type\":\"WebSite\",\"@id\":\"https:\\\/\\\/fanprojekt-oldenburg.de\\\/#website\",\"url\":\"https:\\\/\\\/fanprojekt-oldenburg.de\\\/\",\"name\":\"Fanprojekt Oldenburg\",\"description\":\"Soziale Arbeit mit Fu\u00dfballfans in Oldenburg\",\"publisher\":{\"@id\":\"https:\\\/\\\/fanprojekt-oldenburg.de\\\/#organization\"},\"potentialAction\":[{\"@type\":\"SearchAction\",\"target\":{\"@type\":\"EntryPoint\",\"urlTemplate\":\"https:\\\/\\\/fanprojekt-oldenburg.de\\\/?s={search_term_string}\"},\"query-input\":{\"@type\":\"PropertyValueSpecification\",\"valueRequired\":true,\"valueName\":\"search_term_string\"}}],\"inLanguage\":\"de\"},{\"@type\":\"Organization\",\"@id\":\"https:\\\/\\\/fanprojekt-oldenburg.de\\\/#organization\",\"name\":\"Fanprojekt Oldenburg\",\"url\":\"https:\\\/\\\/fanprojekt-oldenburg.de\\\/\",\"logo\":{\"@type\":\"ImageObject\",\"inLanguage\":\"de\",\"@id\":\"https:\\\/\\\/fanprojekt-oldenburg.de\\\/#\\\/schema\\\/logo\\\/image\\\/\",\"url\":\"https:\\\/\\\/fanprojekt-oldenburg.de\\\/wp-content\\\/uploads\\\/2020\\\/09\\\/apple-touch-icon.png\",\"contentUrl\":\"https:\\\/\\\/fanprojekt-oldenburg.de\\\/wp-content\\\/uploads\\\/2020\\\/09\\\/apple-touch-icon.png\",\"width\":512,\"height\":512,\"caption\":\"Fanprojekt Oldenburg\"},\"image\":{\"@id\":\"https:\\\/\\\/fanprojekt-oldenburg.de\\\/#\\\/schema\\\/logo\\\/image\\\/\"},\"sameAs\":[\"https:\\\/\\\/www.instagram.com\\\/fanprojekt_oldenburg\\\/\"]},{\"@type\":\"Person\",\"@id\":\"https:\\\/\\\/fanprojekt-oldenburg.de\\\/#\\\/schema\\\/person\\\/d908e7ed93642952db2dac1ba1fcb541\",\"name\":\"Svenja\"}]}<\/script>\n<!-- \/ Yoast SEO plugin. -->","yoast_head_json":{"title":"\u00dcbernachtungsfahrt nach Hamburg &#8212; Fanprojekt Oldenburg","robots":{"index":"index","follow":"follow","max-snippet":"max-snippet:-1","max-image-preview":"max-image-preview:large","max-video-preview":"max-video-preview:-1"},"canonical":"https:\/\/fanprojekt-oldenburg.de\/?p=3709","og_locale":"de_DE","og_type":"article","og_title":"\u00dcbernachtungsfahrt nach Hamburg &#8212; Fanprojekt Oldenburg","og_description":"+++ \u00dcbernachtungsfahrt nach Hamburg! +++ \ud83e\udd29 Wir freuen uns sehr, wieder eine \u00dcbernachtungsfahrt f\u00fcr die unter 23-j\u00e4hrigen unter euch anbieten zu k\u00f6nnen. Diesmal geht es nach Hamburg und Norderstedt! \ud83d\udcc5 Reisedaten: Start: Samstag, 15. M\u00e4rz (10 Uhr) R\u00fcckkehr: Sonntag, 16. M\u00e4rz (gegen 20 Uhr) \ud83d\udecf Unterkunft: \u00dcbernachtung in einer Jugendherberge Das Programm: Samstag starten wir [&hellip;]","og_url":"https:\/\/fanprojekt-oldenburg.de\/?p=3709","og_site_name":"Fanprojekt Oldenburg","article_published_time":"2025-01-24T12:33:45+00:00","article_modified_time":"2025-01-24T12:41:38+00:00","og_image":[{"width":1080,"height":1080,"url":"https:\/\/fanprojekt-oldenburg.de\/wp-content\/uploads\/2025\/01\/Uebernachtung-St.-Pauli-II.jpg","type":"image\/jpeg"}],"author":"Svenja","twitter_card":"summary_large_image","twitter_misc":{"Verfasst von":"Svenja","Gesch\u00e4tzte Lesezeit":"2\u00a0Minuten"},"schema":{"@context":"https:\/\/schema.org","@graph":[{"@type":"Article","@id":"https:\/\/fanprojekt-oldenburg.de\/?p=3709#article","isPartOf":{"@id":"https:\/\/fanprojekt-oldenburg.de\/?p=3709"},"author":{"name":"Svenja","@id":"https:\/\/fanprojekt-oldenburg.de\/#\/schema\/person\/d908e7ed93642952db2dac1ba1fcb541"},"headline":"\u00dcbernachtungsfahrt nach Hamburg","datePublished":"2025-01-24T12:33:45+00:00","dateModified":"2025-01-24T12:41:38+00:00","mainEntityOfPage":{"@id":"https:\/\/fanprojekt-oldenburg.de\/?p=3709"},"wordCount":155,"commentCount":0,"publisher":{"@id":"https:\/\/fanprojekt-oldenburg.de\/#organization"},"image":{"@id":"https:\/\/fanprojekt-oldenburg.de\/?p=3709#primaryimage"},"thumbnailUrl":"https:\/\/fanprojekt-oldenburg.de\/wp-content\/uploads\/2025\/01\/Uebernachtung-St.-Pauli-II.jpg","keywords":["Ausw\u00e4rtsfahrt","Fanprojekt Oldenburg","Fu\u00dfballfans on Tour","Hamburg entdecken","Offene Jugendarbeit","Regionalliga Nord","Soziale Arbeit mit Fu\u00dfballfans","U-23-Fahrt","\u00dcbernachtungsfahrt"],"articleSection":{"0":"Aktion","2":"News"},"inLanguage":"de","potentialAction":[{"@type":"CommentAction","name":"Comment","target":["https:\/\/fanprojekt-oldenburg.de\/?p=3709#respond"]}]},{"@type":"WebPage","@id":"https:\/\/fanprojekt-oldenburg.de\/?p=3709","url":"https:\/\/fanprojekt-oldenburg.de\/?p=3709","name":"\u00dcbernachtungsfahrt nach Hamburg &#8212; Fanprojekt Oldenburg","isPartOf":{"@id":"https:\/\/fanprojekt-oldenburg.de\/#website"},"primaryImageOfPage":{"@id":"https:\/\/fanprojekt-oldenburg.de\/?p=3709#primaryimage"},"image":{"@id":"https:\/\/fanprojekt-oldenburg.de\/?p=3709#primaryimage"},"thumbnailUrl":"https:\/\/fanprojekt-oldenburg.de\/wp-content\/uploads\/2025\/01\/Uebernachtung-St.-Pauli-II.jpg","datePublished":"2025-01-24T12:33:45+00:00","dateModified":"2025-01-24T12:41:38+00:00","breadcrumb":{"@id":"https:\/\/fanprojekt-oldenburg.de\/?p=3709#breadcrumb"},"inLanguage":"de","potentialAction":[{"@type":"ReadAction","target":["https:\/\/fanprojekt-oldenburg.de\/?p=3709"]}]},{"@type":"ImageObject","inLanguage":"de","@id":"https:\/\/fanprojekt-oldenburg.de\/?p=3709#primaryimage","url":"https:\/\/fanprojekt-oldenburg.de\/wp-content\/uploads\/2025\/01\/Uebernachtung-St.-Pauli-II.jpg","contentUrl":"https:\/\/fanprojekt-oldenburg.de\/wp-content\/uploads\/2025\/01\/Uebernachtung-St.-Pauli-II.jpg","width":1080,"height":1080},{"@type":"BreadcrumbList","@id":"https:\/\/fanprojekt-oldenburg.de\/?p=3709#breadcrumb","itemListElement":[{"@type":"ListItem","position":1,"name":"Startseite","item":"https:\/\/fanprojekt-oldenburg.de\/"},{"@type":"ListItem","position":2,"name":"\u00dcbernachtungsfahrt nach Hamburg"}]},{"@type":"WebSite","@id":"https:\/\/fanprojekt-oldenburg.de\/#website","url":"https:\/\/fanprojekt-oldenburg.de\/","name":"Fanprojekt Oldenburg","description":"Soziale Arbeit mit Fu\u00dfballfans in Oldenburg","publisher":{"@id":"https:\/\/fanprojekt-oldenburg.de\/#organization"},"potentialAction":[{"@type":"SearchAction","target":{"@type":"EntryPoint","urlTemplate":"https:\/\/fanprojekt-oldenburg.de\/?s={search_term_string}"},"query-input":{"@type":"PropertyValueSpecification","valueRequired":true,"valueName":"search_term_string"}}],"inLanguage":"de"},{"@type":"Organization","@id":"https:\/\/fanprojekt-oldenburg.de\/#organization","name":"Fanprojekt Oldenburg","url":"https:\/\/fanprojekt-oldenburg.de\/","logo":{"@type":"ImageObject","inLanguage":"de","@id":"https:\/\/fanprojekt-oldenburg.de\/#\/schema\/logo\/image\/","url":"https:\/\/fanprojekt-oldenburg.de\/wp-content\/uploads\/2020\/09\/apple-touch-icon.png","contentUrl":"https:\/\/fanprojekt-oldenburg.de\/wp-content\/uploads\/2020\/09\/apple-touch-icon.png","width":512,"height":512,"caption":"Fanprojekt Oldenburg"},"image":{"@id":"https:\/\/fanprojekt-oldenburg.de\/#\/schema\/logo\/image\/"},"sameAs":["https:\/\/www.instagram.com\/fanprojekt_oldenburg\/"]},{"@type":"Person","@id":"https:\/\/fanprojekt-oldenburg.de\/#\/schema\/person\/d908e7ed93642952db2dac1ba1fcb541","name":"Svenja"}]}},"_links":{"self":[{"href":"https:\/\/fanprojekt-oldenburg.de\/index.php?rest_route=\/wp\/v2\/posts\/3709","targetHints":{"allow":["GET"]}}],"collection":[{"href":"https:\/\/fanprojekt-oldenburg.de\/index.php?rest_route=\/wp\/v2\/posts"}],"about":[{"href":"https:\/\/fanprojekt-oldenburg.de\/index.php?rest_route=\/wp\/v2\/types\/post"}],"author":[{"embeddable":true,"href":"https:\/\/fanprojekt-oldenburg.de\/index.php?rest_route=\/wp\/v2\/users\/5"}],"replies":[{"embeddable":true,"href":"https:\/\/fanprojekt-oldenburg.de\/index.php?rest_route=%2Fwp%2Fv2%2Fcomments&post=3709"}],"version-history":[{"count":7,"href":"https:\/\/fanprojekt-oldenburg.de\/index.php?rest_route=\/wp\/v2\/posts\/3709\/revisions"}],"predecessor-version":[{"id":3718,"href":"https:\/\/fanprojekt-oldenburg.de\/index.php?rest_route=\/wp\/v2\/posts\/3709\/revisions\/3718"}],"wp:featuredmedia":[{"embeddable":true,"href":"https:\/\/fanprojekt-oldenburg.de\/index.php?rest_route=\/wp\/v2\/media\/3716"}],"wp:attachment":[{"href":"https:\/\/fanprojekt-oldenburg.de\/index.php?rest_route=%2Fwp%2Fv2%2Fmedia&parent=3709"}],"wp:term":[{"taxonomy":"category","embeddable":true,"href":"https:\/\/fanprojekt-oldenburg.de\/index.php?rest_route=%2Fwp%2Fv2%2Fcategories&post=3709"},{"taxonomy":"post_tag","embeddable":true,"href":"https:\/\/fanprojekt-oldenburg.de\/index.php?rest_route=%2Fwp%2Fv2%2Ftags&post=3709"}],"curies":[{"name":"wp","href":"https:\/\/api.w.org\/{rel}","templated":true}]}}