{"id":3655,"date":"2024-11-11T14:05:56","date_gmt":"2024-11-11T13:05:56","guid":{"rendered":"https:\/\/fanprojekt-oldenburg.de\/?p=3655"},"modified":"2024-11-11T14:08:38","modified_gmt":"2024-11-11T13:08:38","slug":"elementor-3655","status":"publish","type":"post","link":"https:\/\/fanprojekt-oldenburg.de\/?p=3655","title":{"rendered":"U23-Fahrt nach Ottensen mit Bunker-Besuch"},"content":{"rendered":"\t\t<div data-elementor-type=\"wp-post\" data-elementor-id=\"3655\" class=\"elementor elementor-3655\" data-elementor-post-type=\"post\">\n\t\t\t\t\t\t<section class=\"elementor-section elementor-top-section elementor-element elementor-element-ea2fba9 elementor-section-boxed elementor-section-height-default elementor-section-height-default\" data-id=\"ea2fba9\" data-element_type=\"section\" data-e-type=\"section\">\n\t\t\t\t\t\t<div class=\"elementor-container elementor-column-gap-default\">\n\t\t\t\t\t<div class=\"elementor-column elementor-col-100 elementor-top-column elementor-element elementor-element-da82db7\" data-id=\"da82db7\" data-element_type=\"column\" data-e-type=\"column\">\n\t\t\t<div class=\"elementor-widget-wrap elementor-element-populated\">\n\t\t\t\t\t\t<div class=\"elementor-element elementor-element-682a9c4 elementor-widget elementor-widget-heading\" data-id=\"682a9c4\" data-element_type=\"widget\" data-e-type=\"widget\" data-widget_type=\"heading.default\">\n\t\t\t\t<div class=\"elementor-widget-container\">\n\t\t\t\t\t<h2 class=\"elementor-heading-title elementor-size-default\">+++ Wieder hohe Luft schnuppern +++<\/h2>\t\t\t\t<\/div>\n\t\t\t\t<\/div>\n\t\t\t\t<div class=\"elementor-element elementor-element-a2ecde4 elementor-widget elementor-widget-text-editor\" data-id=\"a2ecde4\" data-element_type=\"widget\" data-e-type=\"widget\" data-widget_type=\"text-editor.default\">\n\t\t\t\t<div class=\"elementor-widget-container\">\n\t\t\t\t\t\t\t\t\t<p>Das letzte Sonntagsspiel diesen Jahres steht vor der T\u00fcr \ud83d\udeaa und neben weiteren 3\ufe0f\u20e3 Punkten wollen wir noch wichtiges Wissen aus Hamburg mitnehmen: <br \/>Nach dem Spiel besuchen wir mit euch den Bunker St. Pauli! <br \/>Wir hoffen, ganz oben den Ausblick \u00fcber die Dom genie\u00dfen zu k\u00f6nnen \ud83c\udfa1\ud83c\udfa2 und innen vom Aufbau in den Zeiten des Nationalsozialismus bis hin zur heutigen Nutzung etwas \u00fcber die Geschichte hinter den Flakt\u00fcrmen zu erfahren. \ud83e\uddf1\u231b\ud83d\udd75\ufe0f\u200d\u2640\ufe0f<br \/>Der Einritt ist frei. <br \/><br \/>\ud83c\udd7f\ufe0f Treffpunkt ist am Weser-Ems-Hallen an der Messestra\u00dfe.<br \/>\ud83d\udccd Treffuhrzeit ist um 09:15 Uhr<br \/>\ud83d\udd58 Abfahrt ist um 09:30 Uhr<br \/><br \/>Meldet euch bis zum 15.11. bei uns und wir schicken euch das Anmeldeformular zu. \ud83d\udcdd<br \/><br \/>Es gilt wieder ein absolutes Alkohol- und Rauchverbot sowie auf f\u00fcr andere Drogen. Wir erwarten ein respektvolles Miteinander f\u00fcr eine gute gemeinsame Zeit. \u270c\ud83c\udffc<br \/><br \/><span class=\"x7l2uk3 xt0e3qv\">#fanprojektoldenburg<\/span> <br \/><span class=\"x7l2uk3 xt0e3qv\">#sozialarbeitmitfussballfans<\/span> <br \/><span class=\"x7l2uk3 xt0e3qv\">#ausw\u00e4rtsspiel<\/span> <br \/><span class=\"x7l2uk3 xt0e3qv\">#u23fahrt<\/span> <span class=\"x7l2uk3 xt0e3qv\">#ausw\u00e4rts<\/span> <br \/><span class=\"x7l2uk3 xt0e3qv\">#bunkerstpauli<\/span> <br \/><span class=\"x7l2uk3 xt0e3qv\">#vfboldenburg<\/span> <br \/><span class=\"x7l2uk3 xt0e3qv\">#teutoniaottensen<\/span> <br \/><span class=\"x7l2uk3 xt0e3qv\">#regionalliganord<\/span><\/p>\t\t\t\t\t\t\t\t<\/div>\n\t\t\t\t<\/div>\n\t\t\t\t\t<\/div>\n\t\t<\/div>\n\t\t\t\t\t<\/div>\n\t\t<\/section>\n\t\t\t\t<section class=\"elementor-section elementor-top-section elementor-element elementor-element-31d2829 elementor-section-boxed elementor-section-height-default elementor-section-height-default\" data-id=\"31d2829\" data-element_type=\"section\" data-e-type=\"section\">\n\t\t\t\t\t\t<div class=\"elementor-container elementor-column-gap-default\">\n\t\t\t\t\t<div class=\"elementor-column elementor-col-100 elementor-top-column elementor-element elementor-element-777e60b\" data-id=\"777e60b\" data-element_type=\"column\" data-e-type=\"column\">\n\t\t\t<div class=\"elementor-widget-wrap elementor-element-populated\">\n\t\t\t\t\t\t<div class=\"elementor-element elementor-element-1f4203e dce_masking-none elementor-widget elementor-widget-image\" data-id=\"1f4203e\" data-element_type=\"widget\" data-e-type=\"widget\" data-widget_type=\"image.default\">\n\t\t\t\t<div class=\"elementor-widget-container\">\n\t\t\t\t\t\t\t\t\t\t\t\t\t\t\t<img fetchpriority=\"high\" decoding=\"async\" width=\"1024\" height=\"1024\" src=\"https:\/\/fanprojekt-oldenburg.de\/wp-content\/uploads\/2024\/11\/Ottensen-2-1024x1024.jpg\" class=\"attachment-large size-large wp-image-3657\" alt=\"\" srcset=\"https:\/\/fanprojekt-oldenburg.de\/wp-content\/uploads\/2024\/11\/Ottensen-2-1024x1024.jpg 1024w, https:\/\/fanprojekt-oldenburg.de\/wp-content\/uploads\/2024\/11\/Ottensen-2-300x300.jpg 300w, https:\/\/fanprojekt-oldenburg.de\/wp-content\/uploads\/2024\/11\/Ottensen-2-150x150.jpg 150w, https:\/\/fanprojekt-oldenburg.de\/wp-content\/uploads\/2024\/11\/Ottensen-2-768x768.jpg 768w, https:\/\/fanprojekt-oldenburg.de\/wp-content\/uploads\/2024\/11\/Ottensen-2.jpg 1080w\" sizes=\"(max-width: 1024px) 100vw, 1024px\" \/>\t\t\t\t\t\t\t\t\t\t\t\t\t\t\t<\/div>\n\t\t\t\t<\/div>\n\t\t\t\t\t<\/div>\n\t\t<\/div>\n\t\t\t\t\t<\/div>\n\t\t<\/section>\n\t\t\t\t<\/div>\n\t\t","protected":false},"excerpt":{"rendered":"<p>+++ Wieder hohe Luft schnuppern +++ Das letzte Sonntagsspiel diesen Jahres steht vor der T\u00fcr \ud83d\udeaa und neben weiteren 3\ufe0f\u20e3 Punkten wollen wir noch wichtiges Wissen aus Hamburg mitnehmen: Nach dem Spiel besuchen wir mit euch den Bunker St. Pauli! Wir hoffen, ganz oben den Ausblick \u00fcber die Dom genie\u00dfen zu k\u00f6nnen \ud83c\udfa1\ud83c\udfa2 und innen [&hellip;]<\/p>\n","protected":false},"author":5,"featured_media":3662,"comment_status":"open","ping_status":"open","sticky":false,"template":"","format":"standard","meta":{"_acf_changed":false,"footnotes":""},"categories":[10,1,9],"tags":[25,27,135,134,133,16,74,38,26,28],"class_list":["post-3655","post","type-post","status-publish","format-standard","has-post-thumbnail","hentry","category-aktion","category-allgemein","category-news","tag-auswaertsfahrt","tag-auswaertsspiel","tag-bunker","tag-bunker-st-pauli","tag-erinnerungsarbeit","tag-fanprojekt-oldenburg","tag-regionalliga-nord","tag-soziale-arbeit-mit-fussballfans","tag-u-23-fahrt","tag-vfb-oldenburg"],"acf":[],"yoast_head":"<!-- This site is optimized with the Yoast SEO plugin v27.5 - https:\/\/yoast.com\/product\/yoast-seo-wordpress\/ -->\n<title>U23-Fahrt nach Ottensen mit Bunker-Besuch &#8212; Fanprojekt Oldenburg<\/title>\n<meta name=\"robots\" content=\"index, follow, max-snippet:-1, max-image-preview:large, max-video-preview:-1\" \/>\n<link rel=\"canonical\" href=\"https:\/\/fanprojekt-oldenburg.de\/?p=3655\" \/>\n<meta property=\"og:locale\" content=\"de_DE\" \/>\n<meta property=\"og:type\" content=\"article\" \/>\n<meta property=\"og:title\" content=\"U23-Fahrt nach Ottensen mit Bunker-Besuch &#8212; Fanprojekt Oldenburg\" \/>\n<meta property=\"og:description\" content=\"+++ Wieder hohe Luft schnuppern +++ Das letzte Sonntagsspiel diesen Jahres steht vor der T\u00fcr \ud83d\udeaa und neben weiteren 3\ufe0f\u20e3 Punkten wollen wir noch wichtiges Wissen aus Hamburg mitnehmen: Nach dem Spiel besuchen wir mit euch den Bunker St. Pauli! Wir hoffen, ganz oben den Ausblick \u00fcber die Dom genie\u00dfen zu k\u00f6nnen \ud83c\udfa1\ud83c\udfa2 und innen [&hellip;]\" \/>\n<meta property=\"og:url\" content=\"https:\/\/fanprojekt-oldenburg.de\/?p=3655\" \/>\n<meta property=\"og:site_name\" content=\"Fanprojekt Oldenburg\" \/>\n<meta property=\"article:published_time\" content=\"2024-11-11T13:05:56+00:00\" \/>\n<meta property=\"article:modified_time\" content=\"2024-11-11T13:08:38+00:00\" \/>\n<meta property=\"og:image\" content=\"https:\/\/fanprojekt-oldenburg.de\/wp-content\/uploads\/2024\/11\/Ottensen.jpg\" \/>\n\t<meta property=\"og:image:width\" content=\"1080\" \/>\n\t<meta property=\"og:image:height\" content=\"1080\" \/>\n\t<meta property=\"og:image:type\" content=\"image\/jpeg\" \/>\n<meta name=\"author\" content=\"Svenja\" \/>\n<meta name=\"twitter:card\" content=\"summary_large_image\" \/>\n<meta name=\"twitter:label1\" content=\"Verfasst von\" \/>\n\t<meta name=\"twitter:data1\" content=\"Svenja\" \/>\n\t<meta name=\"twitter:label2\" content=\"Gesch\u00e4tzte Lesezeit\" \/>\n\t<meta name=\"twitter:data2\" content=\"2\u00a0Minuten\" \/>\n<script type=\"application\/ld+json\" class=\"yoast-schema-graph\">{\"@context\":\"https:\\\/\\\/schema.org\",\"@graph\":[{\"@type\":\"Article\",\"@id\":\"https:\\\/\\\/fanprojekt-oldenburg.de\\\/?p=3655#article\",\"isPartOf\":{\"@id\":\"https:\\\/\\\/fanprojekt-oldenburg.de\\\/?p=3655\"},\"author\":{\"name\":\"Svenja\",\"@id\":\"https:\\\/\\\/fanprojekt-oldenburg.de\\\/#\\\/schema\\\/person\\\/d908e7ed93642952db2dac1ba1fcb541\"},\"headline\":\"U23-Fahrt nach Ottensen mit Bunker-Besuch\",\"datePublished\":\"2024-11-11T13:05:56+00:00\",\"dateModified\":\"2024-11-11T13:08:38+00:00\",\"mainEntityOfPage\":{\"@id\":\"https:\\\/\\\/fanprojekt-oldenburg.de\\\/?p=3655\"},\"wordCount\":151,\"commentCount\":0,\"publisher\":{\"@id\":\"https:\\\/\\\/fanprojekt-oldenburg.de\\\/#organization\"},\"image\":{\"@id\":\"https:\\\/\\\/fanprojekt-oldenburg.de\\\/?p=3655#primaryimage\"},\"thumbnailUrl\":\"https:\\\/\\\/fanprojekt-oldenburg.de\\\/wp-content\\\/uploads\\\/2024\\\/11\\\/Ottensen.jpg\",\"keywords\":[\"Ausw\u00e4rtsfahrt\",\"Ausw\u00e4rtsspiel\",\"Bunker\",\"Bunker St. Pauli\",\"Erinnerungsarbeit\",\"Fanprojekt Oldenburg\",\"Regionalliga Nord\",\"Soziale Arbeit mit Fu\u00dfballfans\",\"U-23-Fahrt\",\"VfB Oldenburg\"],\"articleSection\":{\"0\":\"Aktion\",\"2\":\"News\"},\"inLanguage\":\"de\",\"potentialAction\":[{\"@type\":\"CommentAction\",\"name\":\"Comment\",\"target\":[\"https:\\\/\\\/fanprojekt-oldenburg.de\\\/?p=3655#respond\"]}]},{\"@type\":\"WebPage\",\"@id\":\"https:\\\/\\\/fanprojekt-oldenburg.de\\\/?p=3655\",\"url\":\"https:\\\/\\\/fanprojekt-oldenburg.de\\\/?p=3655\",\"name\":\"U23-Fahrt nach Ottensen mit Bunker-Besuch &#8212; Fanprojekt Oldenburg\",\"isPartOf\":{\"@id\":\"https:\\\/\\\/fanprojekt-oldenburg.de\\\/#website\"},\"primaryImageOfPage\":{\"@id\":\"https:\\\/\\\/fanprojekt-oldenburg.de\\\/?p=3655#primaryimage\"},\"image\":{\"@id\":\"https:\\\/\\\/fanprojekt-oldenburg.de\\\/?p=3655#primaryimage\"},\"thumbnailUrl\":\"https:\\\/\\\/fanprojekt-oldenburg.de\\\/wp-content\\\/uploads\\\/2024\\\/11\\\/Ottensen.jpg\",\"datePublished\":\"2024-11-11T13:05:56+00:00\",\"dateModified\":\"2024-11-11T13:08:38+00:00\",\"breadcrumb\":{\"@id\":\"https:\\\/\\\/fanprojekt-oldenburg.de\\\/?p=3655#breadcrumb\"},\"inLanguage\":\"de\",\"potentialAction\":[{\"@type\":\"ReadAction\",\"target\":[\"https:\\\/\\\/fanprojekt-oldenburg.de\\\/?p=3655\"]}]},{\"@type\":\"ImageObject\",\"inLanguage\":\"de\",\"@id\":\"https:\\\/\\\/fanprojekt-oldenburg.de\\\/?p=3655#primaryimage\",\"url\":\"https:\\\/\\\/fanprojekt-oldenburg.de\\\/wp-content\\\/uploads\\\/2024\\\/11\\\/Ottensen.jpg\",\"contentUrl\":\"https:\\\/\\\/fanprojekt-oldenburg.de\\\/wp-content\\\/uploads\\\/2024\\\/11\\\/Ottensen.jpg\",\"width\":1080,\"height\":1080},{\"@type\":\"BreadcrumbList\",\"@id\":\"https:\\\/\\\/fanprojekt-oldenburg.de\\\/?p=3655#breadcrumb\",\"itemListElement\":[{\"@type\":\"ListItem\",\"position\":1,\"name\":\"Startseite\",\"item\":\"https:\\\/\\\/fanprojekt-oldenburg.de\\\/\"},{\"@type\":\"ListItem\",\"position\":2,\"name\":\"U23-Fahrt nach Ottensen mit Bunker-Besuch\"}]},{\"@type\":\"WebSite\",\"@id\":\"https:\\\/\\\/fanprojekt-oldenburg.de\\\/#website\",\"url\":\"https:\\\/\\\/fanprojekt-oldenburg.de\\\/\",\"name\":\"Fanprojekt Oldenburg\",\"description\":\"Soziale Arbeit mit Fu\u00dfballfans in Oldenburg\",\"publisher\":{\"@id\":\"https:\\\/\\\/fanprojekt-oldenburg.de\\\/#organization\"},\"potentialAction\":[{\"@type\":\"SearchAction\",\"target\":{\"@type\":\"EntryPoint\",\"urlTemplate\":\"https:\\\/\\\/fanprojekt-oldenburg.de\\\/?s={search_term_string}\"},\"query-input\":{\"@type\":\"PropertyValueSpecification\",\"valueRequired\":true,\"valueName\":\"search_term_string\"}}],\"inLanguage\":\"de\"},{\"@type\":\"Organization\",\"@id\":\"https:\\\/\\\/fanprojekt-oldenburg.de\\\/#organization\",\"name\":\"Fanprojekt Oldenburg\",\"url\":\"https:\\\/\\\/fanprojekt-oldenburg.de\\\/\",\"logo\":{\"@type\":\"ImageObject\",\"inLanguage\":\"de\",\"@id\":\"https:\\\/\\\/fanprojekt-oldenburg.de\\\/#\\\/schema\\\/logo\\\/image\\\/\",\"url\":\"https:\\\/\\\/fanprojekt-oldenburg.de\\\/wp-content\\\/uploads\\\/2020\\\/09\\\/apple-touch-icon.png\",\"contentUrl\":\"https:\\\/\\\/fanprojekt-oldenburg.de\\\/wp-content\\\/uploads\\\/2020\\\/09\\\/apple-touch-icon.png\",\"width\":512,\"height\":512,\"caption\":\"Fanprojekt Oldenburg\"},\"image\":{\"@id\":\"https:\\\/\\\/fanprojekt-oldenburg.de\\\/#\\\/schema\\\/logo\\\/image\\\/\"},\"sameAs\":[\"https:\\\/\\\/www.instagram.com\\\/fanprojekt_oldenburg\\\/\"]},{\"@type\":\"Person\",\"@id\":\"https:\\\/\\\/fanprojekt-oldenburg.de\\\/#\\\/schema\\\/person\\\/d908e7ed93642952db2dac1ba1fcb541\",\"name\":\"Svenja\"}]}<\/script>\n<!-- \/ Yoast SEO plugin. -->","yoast_head_json":{"title":"U23-Fahrt nach Ottensen mit Bunker-Besuch &#8212; Fanprojekt Oldenburg","robots":{"index":"index","follow":"follow","max-snippet":"max-snippet:-1","max-image-preview":"max-image-preview:large","max-video-preview":"max-video-preview:-1"},"canonical":"https:\/\/fanprojekt-oldenburg.de\/?p=3655","og_locale":"de_DE","og_type":"article","og_title":"U23-Fahrt nach Ottensen mit Bunker-Besuch &#8212; Fanprojekt Oldenburg","og_description":"+++ Wieder hohe Luft schnuppern +++ Das letzte Sonntagsspiel diesen Jahres steht vor der T\u00fcr \ud83d\udeaa und neben weiteren 3\ufe0f\u20e3 Punkten wollen wir noch wichtiges Wissen aus Hamburg mitnehmen: Nach dem Spiel besuchen wir mit euch den Bunker St. Pauli! Wir hoffen, ganz oben den Ausblick \u00fcber die Dom genie\u00dfen zu k\u00f6nnen \ud83c\udfa1\ud83c\udfa2 und innen [&hellip;]","og_url":"https:\/\/fanprojekt-oldenburg.de\/?p=3655","og_site_name":"Fanprojekt Oldenburg","article_published_time":"2024-11-11T13:05:56+00:00","article_modified_time":"2024-11-11T13:08:38+00:00","og_image":[{"width":1080,"height":1080,"url":"https:\/\/fanprojekt-oldenburg.de\/wp-content\/uploads\/2024\/11\/Ottensen.jpg","type":"image\/jpeg"}],"author":"Svenja","twitter_card":"summary_large_image","twitter_misc":{"Verfasst von":"Svenja","Gesch\u00e4tzte Lesezeit":"2\u00a0Minuten"},"schema":{"@context":"https:\/\/schema.org","@graph":[{"@type":"Article","@id":"https:\/\/fanprojekt-oldenburg.de\/?p=3655#article","isPartOf":{"@id":"https:\/\/fanprojekt-oldenburg.de\/?p=3655"},"author":{"name":"Svenja","@id":"https:\/\/fanprojekt-oldenburg.de\/#\/schema\/person\/d908e7ed93642952db2dac1ba1fcb541"},"headline":"U23-Fahrt nach Ottensen mit Bunker-Besuch","datePublished":"2024-11-11T13:05:56+00:00","dateModified":"2024-11-11T13:08:38+00:00","mainEntityOfPage":{"@id":"https:\/\/fanprojekt-oldenburg.de\/?p=3655"},"wordCount":151,"commentCount":0,"publisher":{"@id":"https:\/\/fanprojekt-oldenburg.de\/#organization"},"image":{"@id":"https:\/\/fanprojekt-oldenburg.de\/?p=3655#primaryimage"},"thumbnailUrl":"https:\/\/fanprojekt-oldenburg.de\/wp-content\/uploads\/2024\/11\/Ottensen.jpg","keywords":["Ausw\u00e4rtsfahrt","Ausw\u00e4rtsspiel","Bunker","Bunker St. Pauli","Erinnerungsarbeit","Fanprojekt Oldenburg","Regionalliga Nord","Soziale Arbeit mit Fu\u00dfballfans","U-23-Fahrt","VfB Oldenburg"],"articleSection":{"0":"Aktion","2":"News"},"inLanguage":"de","potentialAction":[{"@type":"CommentAction","name":"Comment","target":["https:\/\/fanprojekt-oldenburg.de\/?p=3655#respond"]}]},{"@type":"WebPage","@id":"https:\/\/fanprojekt-oldenburg.de\/?p=3655","url":"https:\/\/fanprojekt-oldenburg.de\/?p=3655","name":"U23-Fahrt nach Ottensen mit Bunker-Besuch &#8212; Fanprojekt Oldenburg","isPartOf":{"@id":"https:\/\/fanprojekt-oldenburg.de\/#website"},"primaryImageOfPage":{"@id":"https:\/\/fanprojekt-oldenburg.de\/?p=3655#primaryimage"},"image":{"@id":"https:\/\/fanprojekt-oldenburg.de\/?p=3655#primaryimage"},"thumbnailUrl":"https:\/\/fanprojekt-oldenburg.de\/wp-content\/uploads\/2024\/11\/Ottensen.jpg","datePublished":"2024-11-11T13:05:56+00:00","dateModified":"2024-11-11T13:08:38+00:00","breadcrumb":{"@id":"https:\/\/fanprojekt-oldenburg.de\/?p=3655#breadcrumb"},"inLanguage":"de","potentialAction":[{"@type":"ReadAction","target":["https:\/\/fanprojekt-oldenburg.de\/?p=3655"]}]},{"@type":"ImageObject","inLanguage":"de","@id":"https:\/\/fanprojekt-oldenburg.de\/?p=3655#primaryimage","url":"https:\/\/fanprojekt-oldenburg.de\/wp-content\/uploads\/2024\/11\/Ottensen.jpg","contentUrl":"https:\/\/fanprojekt-oldenburg.de\/wp-content\/uploads\/2024\/11\/Ottensen.jpg","width":1080,"height":1080},{"@type":"BreadcrumbList","@id":"https:\/\/fanprojekt-oldenburg.de\/?p=3655#breadcrumb","itemListElement":[{"@type":"ListItem","position":1,"name":"Startseite","item":"https:\/\/fanprojekt-oldenburg.de\/"},{"@type":"ListItem","position":2,"name":"U23-Fahrt nach Ottensen mit Bunker-Besuch"}]},{"@type":"WebSite","@id":"https:\/\/fanprojekt-oldenburg.de\/#website","url":"https:\/\/fanprojekt-oldenburg.de\/","name":"Fanprojekt Oldenburg","description":"Soziale Arbeit mit Fu\u00dfballfans in Oldenburg","publisher":{"@id":"https:\/\/fanprojekt-oldenburg.de\/#organization"},"potentialAction":[{"@type":"SearchAction","target":{"@type":"EntryPoint","urlTemplate":"https:\/\/fanprojekt-oldenburg.de\/?s={search_term_string}"},"query-input":{"@type":"PropertyValueSpecification","valueRequired":true,"valueName":"search_term_string"}}],"inLanguage":"de"},{"@type":"Organization","@id":"https:\/\/fanprojekt-oldenburg.de\/#organization","name":"Fanprojekt Oldenburg","url":"https:\/\/fanprojekt-oldenburg.de\/","logo":{"@type":"ImageObject","inLanguage":"de","@id":"https:\/\/fanprojekt-oldenburg.de\/#\/schema\/logo\/image\/","url":"https:\/\/fanprojekt-oldenburg.de\/wp-content\/uploads\/2020\/09\/apple-touch-icon.png","contentUrl":"https:\/\/fanprojekt-oldenburg.de\/wp-content\/uploads\/2020\/09\/apple-touch-icon.png","width":512,"height":512,"caption":"Fanprojekt Oldenburg"},"image":{"@id":"https:\/\/fanprojekt-oldenburg.de\/#\/schema\/logo\/image\/"},"sameAs":["https:\/\/www.instagram.com\/fanprojekt_oldenburg\/"]},{"@type":"Person","@id":"https:\/\/fanprojekt-oldenburg.de\/#\/schema\/person\/d908e7ed93642952db2dac1ba1fcb541","name":"Svenja"}]}},"_links":{"self":[{"href":"https:\/\/fanprojekt-oldenburg.de\/index.php?rest_route=\/wp\/v2\/posts\/3655","targetHints":{"allow":["GET"]}}],"collection":[{"href":"https:\/\/fanprojekt-oldenburg.de\/index.php?rest_route=\/wp\/v2\/posts"}],"about":[{"href":"https:\/\/fanprojekt-oldenburg.de\/index.php?rest_route=\/wp\/v2\/types\/post"}],"author":[{"embeddable":true,"href":"https:\/\/fanprojekt-oldenburg.de\/index.php?rest_route=\/wp\/v2\/users\/5"}],"replies":[{"embeddable":true,"href":"https:\/\/fanprojekt-oldenburg.de\/index.php?rest_route=%2Fwp%2Fv2%2Fcomments&post=3655"}],"version-history":[{"count":5,"href":"https:\/\/fanprojekt-oldenburg.de\/index.php?rest_route=\/wp\/v2\/posts\/3655\/revisions"}],"predecessor-version":[{"id":3663,"href":"https:\/\/fanprojekt-oldenburg.de\/index.php?rest_route=\/wp\/v2\/posts\/3655\/revisions\/3663"}],"wp:featuredmedia":[{"embeddable":true,"href":"https:\/\/fanprojekt-oldenburg.de\/index.php?rest_route=\/wp\/v2\/media\/3662"}],"wp:attachment":[{"href":"https:\/\/fanprojekt-oldenburg.de\/index.php?rest_route=%2Fwp%2Fv2%2Fmedia&parent=3655"}],"wp:term":[{"taxonomy":"category","embeddable":true,"href":"https:\/\/fanprojekt-oldenburg.de\/index.php?rest_route=%2Fwp%2Fv2%2Fcategories&post=3655"},{"taxonomy":"post_tag","embeddable":true,"href":"https:\/\/fanprojekt-oldenburg.de\/index.php?rest_route=%2Fwp%2Fv2%2Ftags&post=3655"}],"curies":[{"name":"wp","href":"https:\/\/api.w.org\/{rel}","templated":true}]}}