{"id":3616,"date":"2024-10-29T11:46:56","date_gmt":"2024-10-29T10:46:56","guid":{"rendered":"https:\/\/fanprojekt-oldenburg.de\/?p=3616"},"modified":"2024-10-29T11:51:33","modified_gmt":"2024-10-29T10:51:33","slug":"mitarbeitende-des-fanprojektes-karlsruhe-wegen-strafvereitelung-zu-geldstrafen-verurteilt-bag-wir-sind-entsetzt-und-schockiert-ob-dieses-urteils","status":"publish","type":"post","link":"https:\/\/fanprojekt-oldenburg.de\/?p=3616","title":{"rendered":"Pressemitteilung der BAG der Fanprojekte zum Urteil gegen die Mitarbeitende des Fanprojektes Karlsruhe"},"content":{"rendered":"\t\t<div data-elementor-type=\"wp-post\" data-elementor-id=\"3616\" class=\"elementor elementor-3616\" data-elementor-post-type=\"post\">\n\t\t\t\t\t\t<section class=\"elementor-section elementor-top-section elementor-element elementor-element-1621223 elementor-section-boxed elementor-section-height-default elementor-section-height-default\" data-id=\"1621223\" data-element_type=\"section\" data-e-type=\"section\">\n\t\t\t\t\t\t<div class=\"elementor-container elementor-column-gap-default\">\n\t\t\t\t\t<div class=\"elementor-column elementor-col-100 elementor-top-column elementor-element elementor-element-0243d16\" data-id=\"0243d16\" data-element_type=\"column\" data-e-type=\"column\">\n\t\t\t<div class=\"elementor-widget-wrap elementor-element-populated\">\n\t\t\t\t\t\t<div class=\"elementor-element elementor-element-4333aa3 elementor-widget elementor-widget-heading\" data-id=\"4333aa3\" data-element_type=\"widget\" data-e-type=\"widget\" data-widget_type=\"heading.default\">\n\t\t\t\t<div class=\"elementor-widget-container\">\n\t\t\t\t\t<h2 class=\"elementor-heading-title elementor-size-default\">Mitarbeitende des Fanprojektes Karlsruhe wegen Strafvereitelung zu Geldstrafen verurteilt \u2013 BAG: \u201eWir sind entsetzt und schockiert ob dieses Urteils!\u201c<\/h2>\t\t\t\t<\/div>\n\t\t\t\t<\/div>\n\t\t\t\t<div class=\"elementor-element elementor-element-a684fa8 dce_masking-none elementor-widget elementor-widget-image\" data-id=\"a684fa8\" data-element_type=\"widget\" data-e-type=\"widget\" data-widget_type=\"image.default\">\n\t\t\t\t<div class=\"elementor-widget-container\">\n\t\t\t\t\t\t\t\t\t\t\t\t\t\t\t<img decoding=\"async\" width=\"200\" height=\"199\" src=\"https:\/\/fanprojekt-oldenburg.de\/wp-content\/uploads\/2024\/03\/bag_logo_rund.png\" class=\"attachment-large size-large wp-image-3197\" alt=\"\" srcset=\"https:\/\/fanprojekt-oldenburg.de\/wp-content\/uploads\/2024\/03\/bag_logo_rund.png 200w, https:\/\/fanprojekt-oldenburg.de\/wp-content\/uploads\/2024\/03\/bag_logo_rund-150x150.png 150w\" sizes=\"(max-width: 200px) 100vw, 200px\" \/>\t\t\t\t\t\t\t\t\t\t\t\t\t\t\t<\/div>\n\t\t\t\t<\/div>\n\t\t\t\t\t<\/div>\n\t\t<\/div>\n\t\t\t\t\t<\/div>\n\t\t<\/section>\n\t\t\t\t<section class=\"elementor-section elementor-top-section elementor-element elementor-element-469d8f1 elementor-section-boxed elementor-section-height-default elementor-section-height-default\" data-id=\"469d8f1\" data-element_type=\"section\" data-e-type=\"section\">\n\t\t\t\t\t\t<div class=\"elementor-container elementor-column-gap-default\">\n\t\t\t\t\t<div class=\"elementor-column elementor-col-100 elementor-top-column elementor-element elementor-element-2dc2b5c\" data-id=\"2dc2b5c\" data-element_type=\"column\" data-e-type=\"column\">\n\t\t\t<div class=\"elementor-widget-wrap elementor-element-populated\">\n\t\t\t\t\t\t<div class=\"elementor-element elementor-element-6521cad elementor-widget elementor-widget-text-editor\" data-id=\"6521cad\" data-element_type=\"widget\" data-e-type=\"widget\" data-widget_type=\"text-editor.default\">\n\t\t\t\t<div class=\"elementor-widget-container\">\n\t\t\t\t\t\t\t\t\t<p>Die Bundesarbeitsgemeinschaft (BAG) der Fanprojekte zeigt sich entt\u00e4uscht \u00fcber die Verurteilung der Mitarbeitenden des Fanprojektes Karlsruhe in ihrem Verfahren wegen Strafvereitelung.<\/p><p>\u201eDieses Urteil ist ein Schlag ins Gesicht unserer Kolleg*innen in Karlsruhe, f\u00fcr die Fu\u00dfball-Fanprojekte und die gesamte Soziale Arbeit bundesweit\u201c, bewertet BAG Sprecherin Antje Hagel das Urteil.<\/p><p>\u00a0<\/p><p>Nachdem Mitarbeitende des Fanprojektes Karlsruhe zuletzt Strafbefehle \u00fcber 120 Tagess\u00e4tze \u00e1 60\u20ac wegen Strafvereitelung bekamen, fand gestern die Verhandlung dazu statt.<\/p><p>Die Mitarbeitenden mussten sich bereits im Vorfeld mit einer angedrohten Beugehaft auseinandersetzen, da sie sich weigerten, eine Aussage bei der Staatsanwaltschaft Karlsruhe zu leisten. Sie sollten sich zu Vorf\u00e4llen anl\u00e4sslich einer Pyro-Aktion im Karlsruher Stadion \u00e4u\u00dfern. Die Staatsanwaltschaft ging davon aus, dass die Mitarbeitenden aus Gespr\u00e4chen zwischen den Konfliktparteien Hintergr\u00fcnde erfahren h\u00e4tten. Ziel dieser vertraulichen Gespr\u00e4che war es, intensive Reflektionsprozesse zu begleiten, um so eine Aufarbeitung des Geschehens zu erm\u00f6glichen. Dennoch warf die Staatsanwaltschaft den Kolleg*innen Strafvereitelung vor.<\/p><p>\u00a0<\/p><p>Das gestrige Urteil reduziert zwar die H\u00f6he der Tagess\u00e4tze, best\u00e4tigt aber den Tatvorwurf und stellt eine Z\u00e4sur f\u00fcr die Arbeit der sozialp\u00e4dagogischen Fanprojekte sowie der gesamten Sozialen Arbeit dar. Wenn aus Sozialer Arbeit Straftaten konstruiert und diese verurteilt werden, dann wird der Sozialen Arbeit nachhaltig Schaden zugef\u00fcgt!<\/p><p>\u00a0<\/p><p>Den Ausgang dieses Verfahrens sieht die BAG der Fanprojekte als Verpflichtung: \u201eDer Fall Karlsruhe verdeutlicht die Notwendigkeit eines Zeugnisverweigerungsrechts f\u00fcr die Profession Soziale Arbeit. Den Reformbedarf des \u00a753 StPO werden wir weiterhin einfordern\u201c, k\u00fcndigt BAG-Sprecher Benjamin Belhadj an.<\/p><p>Die Soziale Arbeit hat sich in den letzten Jahren und Jahrzehnten, nicht nur im Bereich der Fu\u00dfball-Fanprojekte, stark weiterentwickelt. Vertraulichkeit, Parteilichkeit und Freiwilligkeit sind Grundpfeiler der Arbeit, die es zu sch\u00fctzen gilt, um weiterhin p\u00e4dagogisch und pr\u00e4ventiv dem gesetzlichen Auftrag nachkommen zu k\u00f6nnen. Nur mit der M\u00f6glichkeit, vertrauliche Gespr\u00e4che mit Klient*innen zu sch\u00fctzen, ist eine nachhaltige Arbeit gegen Gewalt, Drogenmissbrauch und Diskriminierung denkbar.<\/p><p>\u00a0<\/p><p>Die BAG der Fanprojekte fordert daher nachdr\u00fccklich die Bundesregierung auf, sich diesem Thema noch in dieser Legislaturperiode anzunehmen und das Zeugnisverweigerungsrecht f\u00fcr die Soziale Arbeit gesetzlich zu verankern. Den nun verurteilten Kolleginnen und Kollegen in Karlsruhe wird versichert: \u201eDie BAG der Fanprojekte steht geschlossen hinter euch, ein solcher Fall darf sich nicht wiederholen\u201c, so Antje Hagel.<\/p>\t\t\t\t\t\t\t\t<\/div>\n\t\t\t\t<\/div>\n\t\t\t\t\t<\/div>\n\t\t<\/div>\n\t\t\t\t\t<\/div>\n\t\t<\/section>\n\t\t\t\t<\/div>\n\t\t","protected":false},"excerpt":{"rendered":"<p>Mitarbeitende des Fanprojektes Karlsruhe wegen Strafvereitelung zu Geldstrafen verurteilt \u2013 BAG: \u201eWir sind entsetzt und schockiert ob dieses Urteils!\u201c Die Bundesarbeitsgemeinschaft (BAG) der Fanprojekte zeigt sich entt\u00e4uscht \u00fcber die Verurteilung der Mitarbeitenden des Fanprojektes Karlsruhe in ihrem Verfahren wegen Strafvereitelung. \u201eDieses Urteil ist ein Schlag ins Gesicht unserer Kolleg*innen in Karlsruhe, f\u00fcr die Fu\u00dfball-Fanprojekte und [&hellip;]<\/p>\n","protected":false},"author":5,"featured_media":3614,"comment_status":"open","ping_status":"open","sticky":false,"template":"","format":"standard","meta":{"_acf_changed":false,"footnotes":""},"categories":[9,12],"tags":[132,16,38,105],"class_list":["post-3616","post","type-post","status-publish","format-standard","has-post-thumbnail","hentry","category-news","category-presse","tag-fanprojekt-karlsruhe","tag-fanprojekt-oldenburg","tag-soziale-arbeit-mit-fussballfans","tag-zeugnisverweigerungsrecht-fuer-soziale-arbeit"],"acf":[],"yoast_head":"<!-- This site is optimized with the Yoast SEO plugin v27.5 - https:\/\/yoast.com\/product\/yoast-seo-wordpress\/ -->\n<title>Pressemitteilung der BAG der Fanprojekte zum Urteil gegen die Mitarbeitende des Fanprojektes Karlsruhe &#8212; Fanprojekt Oldenburg<\/title>\n<meta name=\"robots\" content=\"index, follow, max-snippet:-1, max-image-preview:large, max-video-preview:-1\" \/>\n<link rel=\"canonical\" href=\"https:\/\/fanprojekt-oldenburg.de\/?p=3616\" \/>\n<meta property=\"og:locale\" content=\"de_DE\" \/>\n<meta property=\"og:type\" content=\"article\" \/>\n<meta property=\"og:title\" content=\"Pressemitteilung der BAG der Fanprojekte zum Urteil gegen die Mitarbeitende des Fanprojektes Karlsruhe &#8212; Fanprojekt Oldenburg\" \/>\n<meta property=\"og:description\" content=\"Mitarbeitende des Fanprojektes Karlsruhe wegen Strafvereitelung zu Geldstrafen verurteilt \u2013 BAG: \u201eWir sind entsetzt und schockiert ob dieses Urteils!\u201c Die Bundesarbeitsgemeinschaft (BAG) der Fanprojekte zeigt sich entt\u00e4uscht \u00fcber die Verurteilung der Mitarbeitenden des Fanprojektes Karlsruhe in ihrem Verfahren wegen Strafvereitelung. \u201eDieses Urteil ist ein Schlag ins Gesicht unserer Kolleg*innen in Karlsruhe, f\u00fcr die Fu\u00dfball-Fanprojekte und [&hellip;]\" \/>\n<meta property=\"og:url\" content=\"https:\/\/fanprojekt-oldenburg.de\/?p=3616\" \/>\n<meta property=\"og:site_name\" content=\"Fanprojekt Oldenburg\" \/>\n<meta property=\"article:published_time\" content=\"2024-10-29T10:46:56+00:00\" \/>\n<meta property=\"article:modified_time\" content=\"2024-10-29T10:51:33+00:00\" \/>\n<meta property=\"og:image\" content=\"https:\/\/fanprojekt-oldenburg.de\/wp-content\/uploads\/2024\/10\/PM.jpg\" \/>\n\t<meta property=\"og:image:width\" content=\"1080\" \/>\n\t<meta property=\"og:image:height\" content=\"1080\" \/>\n\t<meta property=\"og:image:type\" content=\"image\/jpeg\" \/>\n<meta name=\"author\" content=\"Svenja\" \/>\n<meta name=\"twitter:card\" content=\"summary_large_image\" \/>\n<meta name=\"twitter:label1\" content=\"Verfasst von\" \/>\n\t<meta name=\"twitter:data1\" content=\"Svenja\" \/>\n\t<meta name=\"twitter:label2\" content=\"Gesch\u00e4tzte Lesezeit\" \/>\n\t<meta name=\"twitter:data2\" content=\"3\u00a0Minuten\" \/>\n<script type=\"application\/ld+json\" class=\"yoast-schema-graph\">{\"@context\":\"https:\\\/\\\/schema.org\",\"@graph\":[{\"@type\":\"Article\",\"@id\":\"https:\\\/\\\/fanprojekt-oldenburg.de\\\/?p=3616#article\",\"isPartOf\":{\"@id\":\"https:\\\/\\\/fanprojekt-oldenburg.de\\\/?p=3616\"},\"author\":{\"name\":\"Svenja\",\"@id\":\"https:\\\/\\\/fanprojekt-oldenburg.de\\\/#\\\/schema\\\/person\\\/d908e7ed93642952db2dac1ba1fcb541\"},\"headline\":\"Pressemitteilung der BAG der Fanprojekte zum Urteil gegen die Mitarbeitende des Fanprojektes Karlsruhe\",\"datePublished\":\"2024-10-29T10:46:56+00:00\",\"dateModified\":\"2024-10-29T10:51:33+00:00\",\"mainEntityOfPage\":{\"@id\":\"https:\\\/\\\/fanprojekt-oldenburg.de\\\/?p=3616\"},\"wordCount\":412,\"commentCount\":0,\"publisher\":{\"@id\":\"https:\\\/\\\/fanprojekt-oldenburg.de\\\/#organization\"},\"image\":{\"@id\":\"https:\\\/\\\/fanprojekt-oldenburg.de\\\/?p=3616#primaryimage\"},\"thumbnailUrl\":\"https:\\\/\\\/fanprojekt-oldenburg.de\\\/wp-content\\\/uploads\\\/2024\\\/10\\\/PM.jpg\",\"keywords\":[\"Fanprojekt Karlsruhe\",\"Fanprojekt Oldenburg\",\"Soziale Arbeit mit Fu\u00dfballfans\",\"Zeugnisverweigerungsrecht f\u00fcr Soziale Arbeit\"],\"articleSection\":[\"News\",\"Presse\"],\"inLanguage\":\"de\",\"potentialAction\":[{\"@type\":\"CommentAction\",\"name\":\"Comment\",\"target\":[\"https:\\\/\\\/fanprojekt-oldenburg.de\\\/?p=3616#respond\"]}]},{\"@type\":\"WebPage\",\"@id\":\"https:\\\/\\\/fanprojekt-oldenburg.de\\\/?p=3616\",\"url\":\"https:\\\/\\\/fanprojekt-oldenburg.de\\\/?p=3616\",\"name\":\"Pressemitteilung der BAG der Fanprojekte zum Urteil gegen die Mitarbeitende des Fanprojektes Karlsruhe &#8212; Fanprojekt Oldenburg\",\"isPartOf\":{\"@id\":\"https:\\\/\\\/fanprojekt-oldenburg.de\\\/#website\"},\"primaryImageOfPage\":{\"@id\":\"https:\\\/\\\/fanprojekt-oldenburg.de\\\/?p=3616#primaryimage\"},\"image\":{\"@id\":\"https:\\\/\\\/fanprojekt-oldenburg.de\\\/?p=3616#primaryimage\"},\"thumbnailUrl\":\"https:\\\/\\\/fanprojekt-oldenburg.de\\\/wp-content\\\/uploads\\\/2024\\\/10\\\/PM.jpg\",\"datePublished\":\"2024-10-29T10:46:56+00:00\",\"dateModified\":\"2024-10-29T10:51:33+00:00\",\"breadcrumb\":{\"@id\":\"https:\\\/\\\/fanprojekt-oldenburg.de\\\/?p=3616#breadcrumb\"},\"inLanguage\":\"de\",\"potentialAction\":[{\"@type\":\"ReadAction\",\"target\":[\"https:\\\/\\\/fanprojekt-oldenburg.de\\\/?p=3616\"]}]},{\"@type\":\"ImageObject\",\"inLanguage\":\"de\",\"@id\":\"https:\\\/\\\/fanprojekt-oldenburg.de\\\/?p=3616#primaryimage\",\"url\":\"https:\\\/\\\/fanprojekt-oldenburg.de\\\/wp-content\\\/uploads\\\/2024\\\/10\\\/PM.jpg\",\"contentUrl\":\"https:\\\/\\\/fanprojekt-oldenburg.de\\\/wp-content\\\/uploads\\\/2024\\\/10\\\/PM.jpg\",\"width\":1080,\"height\":1080},{\"@type\":\"BreadcrumbList\",\"@id\":\"https:\\\/\\\/fanprojekt-oldenburg.de\\\/?p=3616#breadcrumb\",\"itemListElement\":[{\"@type\":\"ListItem\",\"position\":1,\"name\":\"Startseite\",\"item\":\"https:\\\/\\\/fanprojekt-oldenburg.de\\\/\"},{\"@type\":\"ListItem\",\"position\":2,\"name\":\"Pressemitteilung der BAG der Fanprojekte zum Urteil gegen die Mitarbeitende des Fanprojektes Karlsruhe\"}]},{\"@type\":\"WebSite\",\"@id\":\"https:\\\/\\\/fanprojekt-oldenburg.de\\\/#website\",\"url\":\"https:\\\/\\\/fanprojekt-oldenburg.de\\\/\",\"name\":\"Fanprojekt Oldenburg\",\"description\":\"Soziale Arbeit mit Fu\u00dfballfans in Oldenburg\",\"publisher\":{\"@id\":\"https:\\\/\\\/fanprojekt-oldenburg.de\\\/#organization\"},\"potentialAction\":[{\"@type\":\"SearchAction\",\"target\":{\"@type\":\"EntryPoint\",\"urlTemplate\":\"https:\\\/\\\/fanprojekt-oldenburg.de\\\/?s={search_term_string}\"},\"query-input\":{\"@type\":\"PropertyValueSpecification\",\"valueRequired\":true,\"valueName\":\"search_term_string\"}}],\"inLanguage\":\"de\"},{\"@type\":\"Organization\",\"@id\":\"https:\\\/\\\/fanprojekt-oldenburg.de\\\/#organization\",\"name\":\"Fanprojekt Oldenburg\",\"url\":\"https:\\\/\\\/fanprojekt-oldenburg.de\\\/\",\"logo\":{\"@type\":\"ImageObject\",\"inLanguage\":\"de\",\"@id\":\"https:\\\/\\\/fanprojekt-oldenburg.de\\\/#\\\/schema\\\/logo\\\/image\\\/\",\"url\":\"https:\\\/\\\/fanprojekt-oldenburg.de\\\/wp-content\\\/uploads\\\/2020\\\/09\\\/apple-touch-icon.png\",\"contentUrl\":\"https:\\\/\\\/fanprojekt-oldenburg.de\\\/wp-content\\\/uploads\\\/2020\\\/09\\\/apple-touch-icon.png\",\"width\":512,\"height\":512,\"caption\":\"Fanprojekt Oldenburg\"},\"image\":{\"@id\":\"https:\\\/\\\/fanprojekt-oldenburg.de\\\/#\\\/schema\\\/logo\\\/image\\\/\"},\"sameAs\":[\"https:\\\/\\\/www.instagram.com\\\/fanprojekt_oldenburg\\\/\"]},{\"@type\":\"Person\",\"@id\":\"https:\\\/\\\/fanprojekt-oldenburg.de\\\/#\\\/schema\\\/person\\\/d908e7ed93642952db2dac1ba1fcb541\",\"name\":\"Svenja\"}]}<\/script>\n<!-- \/ Yoast SEO plugin. -->","yoast_head_json":{"title":"Pressemitteilung der BAG der Fanprojekte zum Urteil gegen die Mitarbeitende des Fanprojektes Karlsruhe &#8212; Fanprojekt Oldenburg","robots":{"index":"index","follow":"follow","max-snippet":"max-snippet:-1","max-image-preview":"max-image-preview:large","max-video-preview":"max-video-preview:-1"},"canonical":"https:\/\/fanprojekt-oldenburg.de\/?p=3616","og_locale":"de_DE","og_type":"article","og_title":"Pressemitteilung der BAG der Fanprojekte zum Urteil gegen die Mitarbeitende des Fanprojektes Karlsruhe &#8212; Fanprojekt Oldenburg","og_description":"Mitarbeitende des Fanprojektes Karlsruhe wegen Strafvereitelung zu Geldstrafen verurteilt \u2013 BAG: \u201eWir sind entsetzt und schockiert ob dieses Urteils!\u201c Die Bundesarbeitsgemeinschaft (BAG) der Fanprojekte zeigt sich entt\u00e4uscht \u00fcber die Verurteilung der Mitarbeitenden des Fanprojektes Karlsruhe in ihrem Verfahren wegen Strafvereitelung. \u201eDieses Urteil ist ein Schlag ins Gesicht unserer Kolleg*innen in Karlsruhe, f\u00fcr die Fu\u00dfball-Fanprojekte und [&hellip;]","og_url":"https:\/\/fanprojekt-oldenburg.de\/?p=3616","og_site_name":"Fanprojekt Oldenburg","article_published_time":"2024-10-29T10:46:56+00:00","article_modified_time":"2024-10-29T10:51:33+00:00","og_image":[{"width":1080,"height":1080,"url":"https:\/\/fanprojekt-oldenburg.de\/wp-content\/uploads\/2024\/10\/PM.jpg","type":"image\/jpeg"}],"author":"Svenja","twitter_card":"summary_large_image","twitter_misc":{"Verfasst von":"Svenja","Gesch\u00e4tzte Lesezeit":"3\u00a0Minuten"},"schema":{"@context":"https:\/\/schema.org","@graph":[{"@type":"Article","@id":"https:\/\/fanprojekt-oldenburg.de\/?p=3616#article","isPartOf":{"@id":"https:\/\/fanprojekt-oldenburg.de\/?p=3616"},"author":{"name":"Svenja","@id":"https:\/\/fanprojekt-oldenburg.de\/#\/schema\/person\/d908e7ed93642952db2dac1ba1fcb541"},"headline":"Pressemitteilung der BAG der Fanprojekte zum Urteil gegen die Mitarbeitende des Fanprojektes Karlsruhe","datePublished":"2024-10-29T10:46:56+00:00","dateModified":"2024-10-29T10:51:33+00:00","mainEntityOfPage":{"@id":"https:\/\/fanprojekt-oldenburg.de\/?p=3616"},"wordCount":412,"commentCount":0,"publisher":{"@id":"https:\/\/fanprojekt-oldenburg.de\/#organization"},"image":{"@id":"https:\/\/fanprojekt-oldenburg.de\/?p=3616#primaryimage"},"thumbnailUrl":"https:\/\/fanprojekt-oldenburg.de\/wp-content\/uploads\/2024\/10\/PM.jpg","keywords":["Fanprojekt Karlsruhe","Fanprojekt Oldenburg","Soziale Arbeit mit Fu\u00dfballfans","Zeugnisverweigerungsrecht f\u00fcr Soziale Arbeit"],"articleSection":["News","Presse"],"inLanguage":"de","potentialAction":[{"@type":"CommentAction","name":"Comment","target":["https:\/\/fanprojekt-oldenburg.de\/?p=3616#respond"]}]},{"@type":"WebPage","@id":"https:\/\/fanprojekt-oldenburg.de\/?p=3616","url":"https:\/\/fanprojekt-oldenburg.de\/?p=3616","name":"Pressemitteilung der BAG der Fanprojekte zum Urteil gegen die Mitarbeitende des Fanprojektes Karlsruhe &#8212; Fanprojekt Oldenburg","isPartOf":{"@id":"https:\/\/fanprojekt-oldenburg.de\/#website"},"primaryImageOfPage":{"@id":"https:\/\/fanprojekt-oldenburg.de\/?p=3616#primaryimage"},"image":{"@id":"https:\/\/fanprojekt-oldenburg.de\/?p=3616#primaryimage"},"thumbnailUrl":"https:\/\/fanprojekt-oldenburg.de\/wp-content\/uploads\/2024\/10\/PM.jpg","datePublished":"2024-10-29T10:46:56+00:00","dateModified":"2024-10-29T10:51:33+00:00","breadcrumb":{"@id":"https:\/\/fanprojekt-oldenburg.de\/?p=3616#breadcrumb"},"inLanguage":"de","potentialAction":[{"@type":"ReadAction","target":["https:\/\/fanprojekt-oldenburg.de\/?p=3616"]}]},{"@type":"ImageObject","inLanguage":"de","@id":"https:\/\/fanprojekt-oldenburg.de\/?p=3616#primaryimage","url":"https:\/\/fanprojekt-oldenburg.de\/wp-content\/uploads\/2024\/10\/PM.jpg","contentUrl":"https:\/\/fanprojekt-oldenburg.de\/wp-content\/uploads\/2024\/10\/PM.jpg","width":1080,"height":1080},{"@type":"BreadcrumbList","@id":"https:\/\/fanprojekt-oldenburg.de\/?p=3616#breadcrumb","itemListElement":[{"@type":"ListItem","position":1,"name":"Startseite","item":"https:\/\/fanprojekt-oldenburg.de\/"},{"@type":"ListItem","position":2,"name":"Pressemitteilung der BAG der Fanprojekte zum Urteil gegen die Mitarbeitende des Fanprojektes Karlsruhe"}]},{"@type":"WebSite","@id":"https:\/\/fanprojekt-oldenburg.de\/#website","url":"https:\/\/fanprojekt-oldenburg.de\/","name":"Fanprojekt Oldenburg","description":"Soziale Arbeit mit Fu\u00dfballfans in Oldenburg","publisher":{"@id":"https:\/\/fanprojekt-oldenburg.de\/#organization"},"potentialAction":[{"@type":"SearchAction","target":{"@type":"EntryPoint","urlTemplate":"https:\/\/fanprojekt-oldenburg.de\/?s={search_term_string}"},"query-input":{"@type":"PropertyValueSpecification","valueRequired":true,"valueName":"search_term_string"}}],"inLanguage":"de"},{"@type":"Organization","@id":"https:\/\/fanprojekt-oldenburg.de\/#organization","name":"Fanprojekt Oldenburg","url":"https:\/\/fanprojekt-oldenburg.de\/","logo":{"@type":"ImageObject","inLanguage":"de","@id":"https:\/\/fanprojekt-oldenburg.de\/#\/schema\/logo\/image\/","url":"https:\/\/fanprojekt-oldenburg.de\/wp-content\/uploads\/2020\/09\/apple-touch-icon.png","contentUrl":"https:\/\/fanprojekt-oldenburg.de\/wp-content\/uploads\/2020\/09\/apple-touch-icon.png","width":512,"height":512,"caption":"Fanprojekt Oldenburg"},"image":{"@id":"https:\/\/fanprojekt-oldenburg.de\/#\/schema\/logo\/image\/"},"sameAs":["https:\/\/www.instagram.com\/fanprojekt_oldenburg\/"]},{"@type":"Person","@id":"https:\/\/fanprojekt-oldenburg.de\/#\/schema\/person\/d908e7ed93642952db2dac1ba1fcb541","name":"Svenja"}]}},"_links":{"self":[{"href":"https:\/\/fanprojekt-oldenburg.de\/index.php?rest_route=\/wp\/v2\/posts\/3616","targetHints":{"allow":["GET"]}}],"collection":[{"href":"https:\/\/fanprojekt-oldenburg.de\/index.php?rest_route=\/wp\/v2\/posts"}],"about":[{"href":"https:\/\/fanprojekt-oldenburg.de\/index.php?rest_route=\/wp\/v2\/types\/post"}],"author":[{"embeddable":true,"href":"https:\/\/fanprojekt-oldenburg.de\/index.php?rest_route=\/wp\/v2\/users\/5"}],"replies":[{"embeddable":true,"href":"https:\/\/fanprojekt-oldenburg.de\/index.php?rest_route=%2Fwp%2Fv2%2Fcomments&post=3616"}],"version-history":[{"count":5,"href":"https:\/\/fanprojekt-oldenburg.de\/index.php?rest_route=\/wp\/v2\/posts\/3616\/revisions"}],"predecessor-version":[{"id":3622,"href":"https:\/\/fanprojekt-oldenburg.de\/index.php?rest_route=\/wp\/v2\/posts\/3616\/revisions\/3622"}],"wp:featuredmedia":[{"embeddable":true,"href":"https:\/\/fanprojekt-oldenburg.de\/index.php?rest_route=\/wp\/v2\/media\/3614"}],"wp:attachment":[{"href":"https:\/\/fanprojekt-oldenburg.de\/index.php?rest_route=%2Fwp%2Fv2%2Fmedia&parent=3616"}],"wp:term":[{"taxonomy":"category","embeddable":true,"href":"https:\/\/fanprojekt-oldenburg.de\/index.php?rest_route=%2Fwp%2Fv2%2Fcategories&post=3616"},{"taxonomy":"post_tag","embeddable":true,"href":"https:\/\/fanprojekt-oldenburg.de\/index.php?rest_route=%2Fwp%2Fv2%2Ftags&post=3616"}],"curies":[{"name":"wp","href":"https:\/\/api.w.org\/{rel}","templated":true}]}}