{"id":3607,"date":"2024-10-23T16:22:48","date_gmt":"2024-10-23T14:22:48","guid":{"rendered":"https:\/\/fanprojekt-oldenburg.de\/?p=3607"},"modified":"2024-10-29T11:52:01","modified_gmt":"2024-10-29T10:52:01","slug":"stellungnahme-zum-sicherheitsgipfel-in-munchen","status":"publish","type":"post","link":"https:\/\/fanprojekt-oldenburg.de\/?p=3607","title":{"rendered":"Stellungnahme zum Sicherheitsgipfel in M\u00fcnchen"},"content":{"rendered":"\t\t<div data-elementor-type=\"wp-post\" data-elementor-id=\"3607\" class=\"elementor elementor-3607\" data-elementor-post-type=\"post\">\n\t\t\t\t\t\t<section class=\"elementor-section elementor-top-section elementor-element elementor-element-ca58c0e elementor-section-boxed elementor-section-height-default elementor-section-height-default\" data-id=\"ca58c0e\" data-element_type=\"section\" data-e-type=\"section\">\n\t\t\t\t\t\t<div class=\"elementor-container elementor-column-gap-default\">\n\t\t\t\t\t<div class=\"elementor-column elementor-col-100 elementor-top-column elementor-element elementor-element-a31a8c4\" data-id=\"a31a8c4\" data-element_type=\"column\" data-e-type=\"column\">\n\t\t\t<div class=\"elementor-widget-wrap elementor-element-populated\">\n\t\t\t\t\t\t<div class=\"elementor-element elementor-element-b40baad elementor-widget elementor-widget-heading\" data-id=\"b40baad\" data-element_type=\"widget\" data-e-type=\"widget\" data-widget_type=\"heading.default\">\n\t\t\t\t<div class=\"elementor-widget-container\">\n\t\t\t\t\t<h2 class=\"elementor-heading-title elementor-size-default\">BAG der Fanprojekte emp\u00f6rt \u00fcber die Forderung nach einer Wirksamkeitsanalyse nach dem Spitzengespr\u00e4ch der Innenminister*innen mit den Fu\u00dfballverb\u00e4nden<\/h2>\t\t\t\t<\/div>\n\t\t\t\t<\/div>\n\t\t\t\t\t<\/div>\n\t\t<\/div>\n\t\t\t\t\t<\/div>\n\t\t<\/section>\n\t\t\t\t<section class=\"elementor-section elementor-top-section elementor-element elementor-element-02a9736 elementor-section-boxed elementor-section-height-default elementor-section-height-default\" data-id=\"02a9736\" data-element_type=\"section\" data-e-type=\"section\">\n\t\t\t\t\t\t<div class=\"elementor-container elementor-column-gap-default\">\n\t\t\t\t\t<div class=\"elementor-column elementor-col-100 elementor-top-column elementor-element elementor-element-58f670b\" data-id=\"58f670b\" data-element_type=\"column\" data-e-type=\"column\">\n\t\t\t<div class=\"elementor-widget-wrap elementor-element-populated\">\n\t\t\t\t\t\t<div class=\"elementor-element elementor-element-81e678d dce_masking-none elementor-widget elementor-widget-image\" data-id=\"81e678d\" data-element_type=\"widget\" data-e-type=\"widget\" data-widget_type=\"image.default\">\n\t\t\t\t<div class=\"elementor-widget-container\">\n\t\t\t\t\t\t\t\t\t\t\t\t\t\t\t<img decoding=\"async\" width=\"200\" height=\"199\" src=\"https:\/\/fanprojekt-oldenburg.de\/wp-content\/uploads\/2024\/03\/bag_logo_rund.png\" class=\"attachment-large size-large wp-image-3197\" alt=\"\" srcset=\"https:\/\/fanprojekt-oldenburg.de\/wp-content\/uploads\/2024\/03\/bag_logo_rund.png 200w, https:\/\/fanprojekt-oldenburg.de\/wp-content\/uploads\/2024\/03\/bag_logo_rund-150x150.png 150w\" sizes=\"(max-width: 200px) 100vw, 200px\" \/>\t\t\t\t\t\t\t\t\t\t\t\t\t\t\t<\/div>\n\t\t\t\t<\/div>\n\t\t\t\t\t<\/div>\n\t\t<\/div>\n\t\t\t\t\t<\/div>\n\t\t<\/section>\n\t\t\t\t<section class=\"elementor-section elementor-top-section elementor-element elementor-element-897e365 elementor-section-boxed elementor-section-height-default elementor-section-height-default\" data-id=\"897e365\" data-element_type=\"section\" data-e-type=\"section\">\n\t\t\t\t\t\t<div class=\"elementor-container elementor-column-gap-default\">\n\t\t\t\t\t<div class=\"elementor-column elementor-col-100 elementor-top-column elementor-element elementor-element-55dc42d\" data-id=\"55dc42d\" data-element_type=\"column\" data-e-type=\"column\">\n\t\t\t<div class=\"elementor-widget-wrap elementor-element-populated\">\n\t\t\t\t\t\t<div class=\"elementor-element elementor-element-7705816 elementor-widget elementor-widget-text-editor\" data-id=\"7705816\" data-element_type=\"widget\" data-e-type=\"widget\" data-widget_type=\"text-editor.default\">\n\t\t\t\t<div class=\"elementor-widget-container\">\n\t\t\t\t\t\t\t\t\t<p>Die Bundesarbeitsgemeinschaft (BAG) der Fanprojekte zeigt sich emp\u00f6rt \u00fcber die Forderung nach einer weiteren Wirksamkeitsanalyse von sozialp\u00e4dagogischen Fanprojekten, die im Rahmen der k\u00fcrzlich stattgefundenen Pressekonferenz des Spitzengespr\u00e4chs aufgestellt wurde. Die BAG versteht diese Forderung als Misstrauenserkl\u00e4rung, die den langj\u00e4hrigen Beitrag der Fanprojekte zur Gewaltpr\u00e4vention und zur F\u00f6rderung einer positiven Fankultur nicht angemessen w\u00fcrdigt.<br \/><br \/>\u201eDie Forderung nach einer Wirksamkeitsanalyse ignoriert vollkommen die zahlreichen Erfolge, die die mittlerweile 70 sozialp\u00e4dagogischen Fanprojekte in Deutschland in den letzten Jahren erzielt haben\u201c, erkl\u00e4rt Stefan Roggenthin, einer der vier Sprecher*innen der BAG. \u201eFanprojekte leisten einen unverzichtbaren Beitrag zur Gewaltpr\u00e4vention, Deeskalation von Konflikten und zur F\u00f6rderung eines respektvollen Miteinanders im Stadion.\u201c<br \/><br \/>Die BAG weist darauf hin, dass Fanprojekte seit ihrer Gr\u00fcndung vor \u00fcber 40 Jahren erfolgreich daran arbeiten, gewaltbereite Auseinandersetzungen zu verhindern und ein positives Umfeld f\u00fcr alle Stadionbesucher*innen zu schaffen. Durch pr\u00e4ventive Ma\u00dfnahmen, Bildungsangebote und\u00a0 Zusammenarbeit mit Vereinen und Sicherheitsbeh\u00f6rden tragen sie ma\u00dfgeblich dazu bei, dass Fu\u00dfballspiele zu einem Ort des gemeinsamen Erlebens werden.<br \/><br \/>\u201eEs ist entt\u00e4uschend, dass bei der Pressekonferenz nicht auf die positiven Effekte unserer Arbeit eingegangen wurde\u201c, so Mattis N\u00fcsse, ein weiterer BAG-Sprecher. \u201eStattdessen wird ein Bild gezeichnet, das den komplexen Herausforderungen im Fu\u00dfballumfeld nicht gerecht wird. Wir fordern eine differenzierte Betrachtung und eine Auseinandersetzung mit den tats\u00e4chlichen Gegebenheiten.\u201c<br \/><br \/>Die BAG der Fanprojekte appelliert an alle Beteiligten, die wertvolle Arbeit der Fanprojekte ernst zu nehmen, in zuk\u00fcnftigen Diskussionen angemessen zu ber\u00fccksichtigen und nicht f\u00fcr Verunsicherung durch Forderungen nach Wirksamkeitsanalysen zu sorgen. Nur durch einen konstruktiven Dialog, wie er standortbezogen in z.B. den Stadionallianzen stattfindet, k\u00f6nnen nachhaltige L\u00f6sungen gefunden werden zu Themen wie zum Beispiel Regelverletzungen, Gewalt, Stadionverboten, Diskriminierungen oder auch sexualisierter Gewalt.<br \/><br \/>Kontakt f\u00fcr R\u00fcckfragen: info@bag-fanprojekte.de<\/p>\t\t\t\t\t\t\t\t<\/div>\n\t\t\t\t<\/div>\n\t\t\t\t\t<\/div>\n\t\t<\/div>\n\t\t\t\t\t<\/div>\n\t\t<\/section>\n\t\t\t\t<\/div>\n\t\t","protected":false},"excerpt":{"rendered":"<p>BAG der Fanprojekte emp\u00f6rt \u00fcber die Forderung nach einer Wirksamkeitsanalyse nach dem Spitzengespr\u00e4ch der Innenminister*innen mit den Fu\u00dfballverb\u00e4nden Die Bundesarbeitsgemeinschaft (BAG) der Fanprojekte zeigt sich emp\u00f6rt \u00fcber die Forderung nach einer weiteren Wirksamkeitsanalyse von sozialp\u00e4dagogischen Fanprojekten, die im Rahmen der k\u00fcrzlich stattgefundenen Pressekonferenz des Spitzengespr\u00e4chs aufgestellt wurde. Die BAG versteht diese Forderung als Misstrauenserkl\u00e4rung, die [&hellip;]<\/p>\n","protected":false},"author":5,"featured_media":3614,"comment_status":"open","ping_status":"open","sticky":false,"template":"","format":"standard","meta":{"_acf_changed":false,"footnotes":""},"categories":[9,12],"tags":[],"class_list":["post-3607","post","type-post","status-publish","format-standard","has-post-thumbnail","hentry","category-news","category-presse"],"acf":[],"yoast_head":"<!-- This site is optimized with the Yoast SEO plugin v27.5 - https:\/\/yoast.com\/product\/yoast-seo-wordpress\/ -->\n<title>Stellungnahme zum Sicherheitsgipfel in M\u00fcnchen &#8212; Fanprojekt Oldenburg<\/title>\n<meta name=\"robots\" content=\"index, follow, max-snippet:-1, max-image-preview:large, max-video-preview:-1\" \/>\n<link rel=\"canonical\" href=\"https:\/\/fanprojekt-oldenburg.de\/?p=3607\" \/>\n<meta property=\"og:locale\" content=\"de_DE\" \/>\n<meta property=\"og:type\" content=\"article\" \/>\n<meta property=\"og:title\" content=\"Stellungnahme zum Sicherheitsgipfel in M\u00fcnchen &#8212; Fanprojekt Oldenburg\" \/>\n<meta property=\"og:description\" content=\"BAG der Fanprojekte emp\u00f6rt \u00fcber die Forderung nach einer Wirksamkeitsanalyse nach dem Spitzengespr\u00e4ch der Innenminister*innen mit den Fu\u00dfballverb\u00e4nden Die Bundesarbeitsgemeinschaft (BAG) der Fanprojekte zeigt sich emp\u00f6rt \u00fcber die Forderung nach einer weiteren Wirksamkeitsanalyse von sozialp\u00e4dagogischen Fanprojekten, die im Rahmen der k\u00fcrzlich stattgefundenen Pressekonferenz des Spitzengespr\u00e4chs aufgestellt wurde. Die BAG versteht diese Forderung als Misstrauenserkl\u00e4rung, die [&hellip;]\" \/>\n<meta property=\"og:url\" content=\"https:\/\/fanprojekt-oldenburg.de\/?p=3607\" \/>\n<meta property=\"og:site_name\" content=\"Fanprojekt Oldenburg\" \/>\n<meta property=\"article:published_time\" content=\"2024-10-23T14:22:48+00:00\" \/>\n<meta property=\"article:modified_time\" content=\"2024-10-29T10:52:01+00:00\" \/>\n<meta property=\"og:image\" content=\"https:\/\/fanprojekt-oldenburg.de\/wp-content\/uploads\/2024\/10\/PM.jpg\" \/>\n\t<meta property=\"og:image:width\" content=\"1080\" \/>\n\t<meta property=\"og:image:height\" content=\"1080\" \/>\n\t<meta property=\"og:image:type\" content=\"image\/jpeg\" \/>\n<meta name=\"author\" content=\"Svenja\" \/>\n<meta name=\"twitter:card\" content=\"summary_large_image\" \/>\n<meta name=\"twitter:label1\" content=\"Verfasst von\" \/>\n\t<meta name=\"twitter:data1\" content=\"Svenja\" \/>\n\t<meta name=\"twitter:label2\" content=\"Gesch\u00e4tzte Lesezeit\" \/>\n\t<meta name=\"twitter:data2\" content=\"3\u00a0Minuten\" \/>\n<script type=\"application\/ld+json\" class=\"yoast-schema-graph\">{\"@context\":\"https:\\\/\\\/schema.org\",\"@graph\":[{\"@type\":\"Article\",\"@id\":\"https:\\\/\\\/fanprojekt-oldenburg.de\\\/?p=3607#article\",\"isPartOf\":{\"@id\":\"https:\\\/\\\/fanprojekt-oldenburg.de\\\/?p=3607\"},\"author\":{\"name\":\"Svenja\",\"@id\":\"https:\\\/\\\/fanprojekt-oldenburg.de\\\/#\\\/schema\\\/person\\\/d908e7ed93642952db2dac1ba1fcb541\"},\"headline\":\"Stellungnahme zum Sicherheitsgipfel in M\u00fcnchen\",\"datePublished\":\"2024-10-23T14:22:48+00:00\",\"dateModified\":\"2024-10-29T10:52:01+00:00\",\"mainEntityOfPage\":{\"@id\":\"https:\\\/\\\/fanprojekt-oldenburg.de\\\/?p=3607\"},\"wordCount\":336,\"commentCount\":0,\"publisher\":{\"@id\":\"https:\\\/\\\/fanprojekt-oldenburg.de\\\/#organization\"},\"image\":{\"@id\":\"https:\\\/\\\/fanprojekt-oldenburg.de\\\/?p=3607#primaryimage\"},\"thumbnailUrl\":\"https:\\\/\\\/fanprojekt-oldenburg.de\\\/wp-content\\\/uploads\\\/2024\\\/10\\\/PM.jpg\",\"articleSection\":[\"News\",\"Presse\"],\"inLanguage\":\"de\",\"potentialAction\":[{\"@type\":\"CommentAction\",\"name\":\"Comment\",\"target\":[\"https:\\\/\\\/fanprojekt-oldenburg.de\\\/?p=3607#respond\"]}]},{\"@type\":\"WebPage\",\"@id\":\"https:\\\/\\\/fanprojekt-oldenburg.de\\\/?p=3607\",\"url\":\"https:\\\/\\\/fanprojekt-oldenburg.de\\\/?p=3607\",\"name\":\"Stellungnahme zum Sicherheitsgipfel in M\u00fcnchen &#8212; Fanprojekt Oldenburg\",\"isPartOf\":{\"@id\":\"https:\\\/\\\/fanprojekt-oldenburg.de\\\/#website\"},\"primaryImageOfPage\":{\"@id\":\"https:\\\/\\\/fanprojekt-oldenburg.de\\\/?p=3607#primaryimage\"},\"image\":{\"@id\":\"https:\\\/\\\/fanprojekt-oldenburg.de\\\/?p=3607#primaryimage\"},\"thumbnailUrl\":\"https:\\\/\\\/fanprojekt-oldenburg.de\\\/wp-content\\\/uploads\\\/2024\\\/10\\\/PM.jpg\",\"datePublished\":\"2024-10-23T14:22:48+00:00\",\"dateModified\":\"2024-10-29T10:52:01+00:00\",\"breadcrumb\":{\"@id\":\"https:\\\/\\\/fanprojekt-oldenburg.de\\\/?p=3607#breadcrumb\"},\"inLanguage\":\"de\",\"potentialAction\":[{\"@type\":\"ReadAction\",\"target\":[\"https:\\\/\\\/fanprojekt-oldenburg.de\\\/?p=3607\"]}]},{\"@type\":\"ImageObject\",\"inLanguage\":\"de\",\"@id\":\"https:\\\/\\\/fanprojekt-oldenburg.de\\\/?p=3607#primaryimage\",\"url\":\"https:\\\/\\\/fanprojekt-oldenburg.de\\\/wp-content\\\/uploads\\\/2024\\\/10\\\/PM.jpg\",\"contentUrl\":\"https:\\\/\\\/fanprojekt-oldenburg.de\\\/wp-content\\\/uploads\\\/2024\\\/10\\\/PM.jpg\",\"width\":1080,\"height\":1080},{\"@type\":\"BreadcrumbList\",\"@id\":\"https:\\\/\\\/fanprojekt-oldenburg.de\\\/?p=3607#breadcrumb\",\"itemListElement\":[{\"@type\":\"ListItem\",\"position\":1,\"name\":\"Startseite\",\"item\":\"https:\\\/\\\/fanprojekt-oldenburg.de\\\/\"},{\"@type\":\"ListItem\",\"position\":2,\"name\":\"Stellungnahme zum Sicherheitsgipfel in M\u00fcnchen\"}]},{\"@type\":\"WebSite\",\"@id\":\"https:\\\/\\\/fanprojekt-oldenburg.de\\\/#website\",\"url\":\"https:\\\/\\\/fanprojekt-oldenburg.de\\\/\",\"name\":\"Fanprojekt Oldenburg\",\"description\":\"Soziale Arbeit mit Fu\u00dfballfans in Oldenburg\",\"publisher\":{\"@id\":\"https:\\\/\\\/fanprojekt-oldenburg.de\\\/#organization\"},\"potentialAction\":[{\"@type\":\"SearchAction\",\"target\":{\"@type\":\"EntryPoint\",\"urlTemplate\":\"https:\\\/\\\/fanprojekt-oldenburg.de\\\/?s={search_term_string}\"},\"query-input\":{\"@type\":\"PropertyValueSpecification\",\"valueRequired\":true,\"valueName\":\"search_term_string\"}}],\"inLanguage\":\"de\"},{\"@type\":\"Organization\",\"@id\":\"https:\\\/\\\/fanprojekt-oldenburg.de\\\/#organization\",\"name\":\"Fanprojekt Oldenburg\",\"url\":\"https:\\\/\\\/fanprojekt-oldenburg.de\\\/\",\"logo\":{\"@type\":\"ImageObject\",\"inLanguage\":\"de\",\"@id\":\"https:\\\/\\\/fanprojekt-oldenburg.de\\\/#\\\/schema\\\/logo\\\/image\\\/\",\"url\":\"https:\\\/\\\/fanprojekt-oldenburg.de\\\/wp-content\\\/uploads\\\/2020\\\/09\\\/apple-touch-icon.png\",\"contentUrl\":\"https:\\\/\\\/fanprojekt-oldenburg.de\\\/wp-content\\\/uploads\\\/2020\\\/09\\\/apple-touch-icon.png\",\"width\":512,\"height\":512,\"caption\":\"Fanprojekt Oldenburg\"},\"image\":{\"@id\":\"https:\\\/\\\/fanprojekt-oldenburg.de\\\/#\\\/schema\\\/logo\\\/image\\\/\"},\"sameAs\":[\"https:\\\/\\\/www.instagram.com\\\/fanprojekt_oldenburg\\\/\"]},{\"@type\":\"Person\",\"@id\":\"https:\\\/\\\/fanprojekt-oldenburg.de\\\/#\\\/schema\\\/person\\\/d908e7ed93642952db2dac1ba1fcb541\",\"name\":\"Svenja\"}]}<\/script>\n<!-- \/ Yoast SEO plugin. -->","yoast_head_json":{"title":"Stellungnahme zum Sicherheitsgipfel in M\u00fcnchen &#8212; Fanprojekt Oldenburg","robots":{"index":"index","follow":"follow","max-snippet":"max-snippet:-1","max-image-preview":"max-image-preview:large","max-video-preview":"max-video-preview:-1"},"canonical":"https:\/\/fanprojekt-oldenburg.de\/?p=3607","og_locale":"de_DE","og_type":"article","og_title":"Stellungnahme zum Sicherheitsgipfel in M\u00fcnchen &#8212; Fanprojekt Oldenburg","og_description":"BAG der Fanprojekte emp\u00f6rt \u00fcber die Forderung nach einer Wirksamkeitsanalyse nach dem Spitzengespr\u00e4ch der Innenminister*innen mit den Fu\u00dfballverb\u00e4nden Die Bundesarbeitsgemeinschaft (BAG) der Fanprojekte zeigt sich emp\u00f6rt \u00fcber die Forderung nach einer weiteren Wirksamkeitsanalyse von sozialp\u00e4dagogischen Fanprojekten, die im Rahmen der k\u00fcrzlich stattgefundenen Pressekonferenz des Spitzengespr\u00e4chs aufgestellt wurde. Die BAG versteht diese Forderung als Misstrauenserkl\u00e4rung, die [&hellip;]","og_url":"https:\/\/fanprojekt-oldenburg.de\/?p=3607","og_site_name":"Fanprojekt Oldenburg","article_published_time":"2024-10-23T14:22:48+00:00","article_modified_time":"2024-10-29T10:52:01+00:00","og_image":[{"width":1080,"height":1080,"url":"https:\/\/fanprojekt-oldenburg.de\/wp-content\/uploads\/2024\/10\/PM.jpg","type":"image\/jpeg"}],"author":"Svenja","twitter_card":"summary_large_image","twitter_misc":{"Verfasst von":"Svenja","Gesch\u00e4tzte Lesezeit":"3\u00a0Minuten"},"schema":{"@context":"https:\/\/schema.org","@graph":[{"@type":"Article","@id":"https:\/\/fanprojekt-oldenburg.de\/?p=3607#article","isPartOf":{"@id":"https:\/\/fanprojekt-oldenburg.de\/?p=3607"},"author":{"name":"Svenja","@id":"https:\/\/fanprojekt-oldenburg.de\/#\/schema\/person\/d908e7ed93642952db2dac1ba1fcb541"},"headline":"Stellungnahme zum Sicherheitsgipfel in M\u00fcnchen","datePublished":"2024-10-23T14:22:48+00:00","dateModified":"2024-10-29T10:52:01+00:00","mainEntityOfPage":{"@id":"https:\/\/fanprojekt-oldenburg.de\/?p=3607"},"wordCount":336,"commentCount":0,"publisher":{"@id":"https:\/\/fanprojekt-oldenburg.de\/#organization"},"image":{"@id":"https:\/\/fanprojekt-oldenburg.de\/?p=3607#primaryimage"},"thumbnailUrl":"https:\/\/fanprojekt-oldenburg.de\/wp-content\/uploads\/2024\/10\/PM.jpg","articleSection":["News","Presse"],"inLanguage":"de","potentialAction":[{"@type":"CommentAction","name":"Comment","target":["https:\/\/fanprojekt-oldenburg.de\/?p=3607#respond"]}]},{"@type":"WebPage","@id":"https:\/\/fanprojekt-oldenburg.de\/?p=3607","url":"https:\/\/fanprojekt-oldenburg.de\/?p=3607","name":"Stellungnahme zum Sicherheitsgipfel in M\u00fcnchen &#8212; Fanprojekt Oldenburg","isPartOf":{"@id":"https:\/\/fanprojekt-oldenburg.de\/#website"},"primaryImageOfPage":{"@id":"https:\/\/fanprojekt-oldenburg.de\/?p=3607#primaryimage"},"image":{"@id":"https:\/\/fanprojekt-oldenburg.de\/?p=3607#primaryimage"},"thumbnailUrl":"https:\/\/fanprojekt-oldenburg.de\/wp-content\/uploads\/2024\/10\/PM.jpg","datePublished":"2024-10-23T14:22:48+00:00","dateModified":"2024-10-29T10:52:01+00:00","breadcrumb":{"@id":"https:\/\/fanprojekt-oldenburg.de\/?p=3607#breadcrumb"},"inLanguage":"de","potentialAction":[{"@type":"ReadAction","target":["https:\/\/fanprojekt-oldenburg.de\/?p=3607"]}]},{"@type":"ImageObject","inLanguage":"de","@id":"https:\/\/fanprojekt-oldenburg.de\/?p=3607#primaryimage","url":"https:\/\/fanprojekt-oldenburg.de\/wp-content\/uploads\/2024\/10\/PM.jpg","contentUrl":"https:\/\/fanprojekt-oldenburg.de\/wp-content\/uploads\/2024\/10\/PM.jpg","width":1080,"height":1080},{"@type":"BreadcrumbList","@id":"https:\/\/fanprojekt-oldenburg.de\/?p=3607#breadcrumb","itemListElement":[{"@type":"ListItem","position":1,"name":"Startseite","item":"https:\/\/fanprojekt-oldenburg.de\/"},{"@type":"ListItem","position":2,"name":"Stellungnahme zum Sicherheitsgipfel in M\u00fcnchen"}]},{"@type":"WebSite","@id":"https:\/\/fanprojekt-oldenburg.de\/#website","url":"https:\/\/fanprojekt-oldenburg.de\/","name":"Fanprojekt Oldenburg","description":"Soziale Arbeit mit Fu\u00dfballfans in Oldenburg","publisher":{"@id":"https:\/\/fanprojekt-oldenburg.de\/#organization"},"potentialAction":[{"@type":"SearchAction","target":{"@type":"EntryPoint","urlTemplate":"https:\/\/fanprojekt-oldenburg.de\/?s={search_term_string}"},"query-input":{"@type":"PropertyValueSpecification","valueRequired":true,"valueName":"search_term_string"}}],"inLanguage":"de"},{"@type":"Organization","@id":"https:\/\/fanprojekt-oldenburg.de\/#organization","name":"Fanprojekt Oldenburg","url":"https:\/\/fanprojekt-oldenburg.de\/","logo":{"@type":"ImageObject","inLanguage":"de","@id":"https:\/\/fanprojekt-oldenburg.de\/#\/schema\/logo\/image\/","url":"https:\/\/fanprojekt-oldenburg.de\/wp-content\/uploads\/2020\/09\/apple-touch-icon.png","contentUrl":"https:\/\/fanprojekt-oldenburg.de\/wp-content\/uploads\/2020\/09\/apple-touch-icon.png","width":512,"height":512,"caption":"Fanprojekt Oldenburg"},"image":{"@id":"https:\/\/fanprojekt-oldenburg.de\/#\/schema\/logo\/image\/"},"sameAs":["https:\/\/www.instagram.com\/fanprojekt_oldenburg\/"]},{"@type":"Person","@id":"https:\/\/fanprojekt-oldenburg.de\/#\/schema\/person\/d908e7ed93642952db2dac1ba1fcb541","name":"Svenja"}]}},"_links":{"self":[{"href":"https:\/\/fanprojekt-oldenburg.de\/index.php?rest_route=\/wp\/v2\/posts\/3607","targetHints":{"allow":["GET"]}}],"collection":[{"href":"https:\/\/fanprojekt-oldenburg.de\/index.php?rest_route=\/wp\/v2\/posts"}],"about":[{"href":"https:\/\/fanprojekt-oldenburg.de\/index.php?rest_route=\/wp\/v2\/types\/post"}],"author":[{"embeddable":true,"href":"https:\/\/fanprojekt-oldenburg.de\/index.php?rest_route=\/wp\/v2\/users\/5"}],"replies":[{"embeddable":true,"href":"https:\/\/fanprojekt-oldenburg.de\/index.php?rest_route=%2Fwp%2Fv2%2Fcomments&post=3607"}],"version-history":[{"count":6,"href":"https:\/\/fanprojekt-oldenburg.de\/index.php?rest_route=\/wp\/v2\/posts\/3607\/revisions"}],"predecessor-version":[{"id":3615,"href":"https:\/\/fanprojekt-oldenburg.de\/index.php?rest_route=\/wp\/v2\/posts\/3607\/revisions\/3615"}],"wp:featuredmedia":[{"embeddable":true,"href":"https:\/\/fanprojekt-oldenburg.de\/index.php?rest_route=\/wp\/v2\/media\/3614"}],"wp:attachment":[{"href":"https:\/\/fanprojekt-oldenburg.de\/index.php?rest_route=%2Fwp%2Fv2%2Fmedia&parent=3607"}],"wp:term":[{"taxonomy":"category","embeddable":true,"href":"https:\/\/fanprojekt-oldenburg.de\/index.php?rest_route=%2Fwp%2Fv2%2Fcategories&post=3607"},{"taxonomy":"post_tag","embeddable":true,"href":"https:\/\/fanprojekt-oldenburg.de\/index.php?rest_route=%2Fwp%2Fv2%2Ftags&post=3607"}],"curies":[{"name":"wp","href":"https:\/\/api.w.org\/{rel}","templated":true}]}}