{"id":3562,"date":"2024-09-30T15:30:19","date_gmt":"2024-09-30T13:30:19","guid":{"rendered":"https:\/\/fanprojekt-oldenburg.de\/?p=3562"},"modified":"2024-10-14T15:31:48","modified_gmt":"2024-10-14T13:31:48","slug":"monatsprogramm-oktober","status":"publish","type":"post","link":"https:\/\/fanprojekt-oldenburg.de\/?p=3562","title":{"rendered":"Monatsprogramm Oktober"},"content":{"rendered":"\t\t<div data-elementor-type=\"wp-post\" data-elementor-id=\"3562\" class=\"elementor elementor-3562\" data-elementor-post-type=\"post\">\n\t\t\t\t\t\t<section class=\"elementor-section elementor-top-section elementor-element elementor-element-72e8a1e elementor-section-boxed elementor-section-height-default elementor-section-height-default\" data-id=\"72e8a1e\" data-element_type=\"section\" data-e-type=\"section\">\n\t\t\t\t\t\t<div class=\"elementor-container elementor-column-gap-default\">\n\t\t\t\t\t<div class=\"elementor-column elementor-col-100 elementor-top-column elementor-element elementor-element-c3c2417\" data-id=\"c3c2417\" data-element_type=\"column\" data-e-type=\"column\">\n\t\t\t<div class=\"elementor-widget-wrap elementor-element-populated\">\n\t\t\t\t\t\t<div class=\"elementor-element elementor-element-c58a20a elementor-widget elementor-widget-heading\" data-id=\"c58a20a\" data-element_type=\"widget\" data-e-type=\"widget\" data-widget_type=\"heading.default\">\n\t\t\t\t<div class=\"elementor-widget-container\">\n\t\t\t\t\t<h2 class=\"elementor-heading-title elementor-size-default\">+++ Wilde Zeiten +++<\/h2>\t\t\t\t<\/div>\n\t\t\t\t<\/div>\n\t\t\t\t\t<\/div>\n\t\t<\/div>\n\t\t\t\t\t<\/div>\n\t\t<\/section>\n\t\t\t\t<section class=\"elementor-section elementor-top-section elementor-element elementor-element-b5f0c3d elementor-section-boxed elementor-section-height-default elementor-section-height-default\" data-id=\"b5f0c3d\" data-element_type=\"section\" data-e-type=\"section\">\n\t\t\t\t\t\t<div class=\"elementor-container elementor-column-gap-default\">\n\t\t\t\t\t<div class=\"elementor-column elementor-col-100 elementor-top-column elementor-element elementor-element-9661bfd\" data-id=\"9661bfd\" data-element_type=\"column\" data-e-type=\"column\">\n\t\t\t<div class=\"elementor-widget-wrap elementor-element-populated\">\n\t\t\t\t\t\t<div class=\"elementor-element elementor-element-5b7ae55 elementor-widget elementor-widget-text-editor\" data-id=\"5b7ae55\" data-element_type=\"widget\" data-e-type=\"widget\" data-widget_type=\"text-editor.default\">\n\t\t\t\t<div class=\"elementor-widget-container\">\n\t\t\t\t\t\t\t\t\t<p>Der Herbst \ud83c\udf42 ist auch in Oldenburg da. Sportlich l\u00e4uft es aktuell so st\u00fcrmisch \ud83c\udf2c\ufe0f und wild \ud83d\ude35\u200d\ud83d\udcab wie die Jahreszeit. Wir hoffen, dass bald wieder viele der verletzten \ud83c\udfe5\ud83e\udd15 Spieler zur\u00fcck auf den Platz \ud83c\udfdf\ufe0f \u26bd\ufe0f kommen.<br \/>Gerade weil es sportlich aktuell nicht l\u00e4uft, braucht der\u00a0<a class=\"x1i10hfl xjbqb8w x1ejq31n xd10rxx x1sy0etr x17r0tee x972fbf xcfux6l x1qhh985 xm0m39n x9f619 x1ypdohk xt0psk2 xe8uvvx xdj266r x11i5rnm xat24cr x1mh8g0r xexx8yu x4uap5 x18d9i69 xkhd6sd x16tdsg8 x1hl2dhg xggy1nq x1a2a7pz notranslate _a6hd\" tabindex=\"0\" role=\"link\" href=\"https:\/\/www.instagram.com\/vfb_oldenburg\/\">@vfb_oldenburg<\/a>\u00a0\ud83d\udc99\ud83e\udd0d die Unterst\u00fctzung von den R\u00e4ngen \ud83d\ude4c\ud83c\udfb6\ud83e\udd41 um so mehr<br \/><br \/>Im September hei\u00dfen die Gegner: Flensburg (A), Drochtersen\/Assel (H), Bremer SV (A), Jeddeloh II (H) und L\u00fcbeck (H).<br \/><br \/>Ansonsten Kicken wir wie gewohnt jeden Montag auf dem Nebenplatz am Marschwegstadion \u26bd\ufe0f und sehen uns mittwochs im offenen Treff \ud83c\udfae\ud83c\udfaf\ud83c\udfb2\ud83c\udfa8.<br \/>Idee f\u00fcr Aktionen? Bringt euch gerne ein \ud83d\udde3\ufe0f<br \/><br \/>Zu den U23 Fahrten \ud83d\ude90 \ud83d\udca8 wird es wieder separat Infos \u2139\ufe0f geben.<br \/><br \/>Wir sehen uns Donnerstag! \ud83d\udc99\ud83e\udd0d<\/p>\t\t\t\t\t\t\t\t<\/div>\n\t\t\t\t<\/div>\n\t\t\t\t\t<\/div>\n\t\t<\/div>\n\t\t\t\t\t<\/div>\n\t\t<\/section>\n\t\t\t\t<\/div>\n\t\t","protected":false},"excerpt":{"rendered":"<p>+++ Wilde Zeiten +++ Der Herbst \ud83c\udf42 ist auch in Oldenburg da. Sportlich l\u00e4uft es aktuell so st\u00fcrmisch \ud83c\udf2c\ufe0f und wild \ud83d\ude35\u200d\ud83d\udcab wie die Jahreszeit. Wir hoffen, dass bald wieder viele der verletzten \ud83c\udfe5\ud83e\udd15 Spieler zur\u00fcck auf den Platz \ud83c\udfdf\ufe0f \u26bd\ufe0f kommen.Gerade weil es sportlich aktuell nicht l\u00e4uft, braucht der\u00a0@vfb_oldenburg\u00a0\ud83d\udc99\ud83e\udd0d die Unterst\u00fctzung von den R\u00e4ngen [&hellip;]<\/p>\n","protected":false},"author":5,"featured_media":3563,"comment_status":"open","ping_status":"open","sticky":false,"template":"","format":"standard","meta":{"_acf_changed":false,"footnotes":""},"categories":[10,1,9],"tags":[25,27,16,45,70,129,38,36,28],"class_list":["post-3562","post","type-post","status-publish","format-standard","has-post-thumbnail","hentry","category-aktion","category-allgemein","category-news","tag-auswaertsfahrt","tag-auswaertsspiel","tag-fanprojekt-oldenburg","tag-fussballtreff","tag-heimspiel","tag-monatsprogramm-fanprojekt-oldenburg","tag-soziale-arbeit-mit-fussballfans","tag-treff-fuer-fussballfans","tag-vfb-oldenburg"],"acf":[],"yoast_head":"<!-- This site is optimized with the Yoast SEO plugin v27.5 - https:\/\/yoast.com\/product\/yoast-seo-wordpress\/ -->\n<title>Monatsprogramm Oktober &#8212; Fanprojekt Oldenburg<\/title>\n<meta name=\"robots\" content=\"index, follow, max-snippet:-1, max-image-preview:large, max-video-preview:-1\" \/>\n<link rel=\"canonical\" href=\"https:\/\/fanprojekt-oldenburg.de\/?p=3562\" \/>\n<meta property=\"og:locale\" content=\"de_DE\" \/>\n<meta property=\"og:type\" content=\"article\" \/>\n<meta property=\"og:title\" content=\"Monatsprogramm Oktober &#8212; Fanprojekt Oldenburg\" \/>\n<meta property=\"og:description\" content=\"+++ Wilde Zeiten +++ Der Herbst \ud83c\udf42 ist auch in Oldenburg da. Sportlich l\u00e4uft es aktuell so st\u00fcrmisch \ud83c\udf2c\ufe0f und wild \ud83d\ude35\u200d\ud83d\udcab wie die Jahreszeit. Wir hoffen, dass bald wieder viele der verletzten \ud83c\udfe5\ud83e\udd15 Spieler zur\u00fcck auf den Platz \ud83c\udfdf\ufe0f \u26bd\ufe0f kommen.Gerade weil es sportlich aktuell nicht l\u00e4uft, braucht der\u00a0@vfb_oldenburg\u00a0\ud83d\udc99\ud83e\udd0d die Unterst\u00fctzung von den R\u00e4ngen [&hellip;]\" \/>\n<meta property=\"og:url\" content=\"https:\/\/fanprojekt-oldenburg.de\/?p=3562\" \/>\n<meta property=\"og:site_name\" content=\"Fanprojekt Oldenburg\" \/>\n<meta property=\"article:published_time\" content=\"2024-09-30T13:30:19+00:00\" \/>\n<meta property=\"article:modified_time\" content=\"2024-10-14T13:31:48+00:00\" \/>\n<meta property=\"og:image\" content=\"https:\/\/fanprojekt-oldenburg.de\/wp-content\/uploads\/2024\/10\/Oktober.jpg\" \/>\n\t<meta property=\"og:image:width\" content=\"1080\" \/>\n\t<meta property=\"og:image:height\" content=\"1080\" \/>\n\t<meta property=\"og:image:type\" content=\"image\/jpeg\" \/>\n<meta name=\"author\" content=\"Svenja\" \/>\n<meta name=\"twitter:card\" content=\"summary_large_image\" \/>\n<meta name=\"twitter:label1\" content=\"Verfasst von\" \/>\n\t<meta name=\"twitter:data1\" content=\"Svenja\" \/>\n\t<meta name=\"twitter:label2\" content=\"Gesch\u00e4tzte Lesezeit\" \/>\n\t<meta name=\"twitter:data2\" content=\"1\u00a0Minute\" \/>\n<script type=\"application\/ld+json\" class=\"yoast-schema-graph\">{\"@context\":\"https:\\\/\\\/schema.org\",\"@graph\":[{\"@type\":\"Article\",\"@id\":\"https:\\\/\\\/fanprojekt-oldenburg.de\\\/?p=3562#article\",\"isPartOf\":{\"@id\":\"https:\\\/\\\/fanprojekt-oldenburg.de\\\/?p=3562\"},\"author\":{\"name\":\"Svenja\",\"@id\":\"https:\\\/\\\/fanprojekt-oldenburg.de\\\/#\\\/schema\\\/person\\\/d908e7ed93642952db2dac1ba1fcb541\"},\"headline\":\"Monatsprogramm Oktober\",\"datePublished\":\"2024-09-30T13:30:19+00:00\",\"dateModified\":\"2024-10-14T13:31:48+00:00\",\"mainEntityOfPage\":{\"@id\":\"https:\\\/\\\/fanprojekt-oldenburg.de\\\/?p=3562\"},\"wordCount\":123,\"commentCount\":0,\"publisher\":{\"@id\":\"https:\\\/\\\/fanprojekt-oldenburg.de\\\/#organization\"},\"image\":{\"@id\":\"https:\\\/\\\/fanprojekt-oldenburg.de\\\/?p=3562#primaryimage\"},\"thumbnailUrl\":\"https:\\\/\\\/fanprojekt-oldenburg.de\\\/wp-content\\\/uploads\\\/2024\\\/10\\\/Oktober.jpg\",\"keywords\":[\"Ausw\u00e4rtsfahrt\",\"Ausw\u00e4rtsspiel\",\"Fanprojekt Oldenburg\",\"Fu\u00dfballtreff\",\"Heimspiel\",\"Monatsprogramm Fanprojekt Oldenburg\",\"Soziale Arbeit mit Fu\u00dfballfans\",\"Treff f\u00fcr Fu\u00dfballfans\",\"VfB Oldenburg\"],\"articleSection\":{\"0\":\"Aktion\",\"2\":\"News\"},\"inLanguage\":\"de\",\"potentialAction\":[{\"@type\":\"CommentAction\",\"name\":\"Comment\",\"target\":[\"https:\\\/\\\/fanprojekt-oldenburg.de\\\/?p=3562#respond\"]}]},{\"@type\":\"WebPage\",\"@id\":\"https:\\\/\\\/fanprojekt-oldenburg.de\\\/?p=3562\",\"url\":\"https:\\\/\\\/fanprojekt-oldenburg.de\\\/?p=3562\",\"name\":\"Monatsprogramm Oktober &#8212; Fanprojekt Oldenburg\",\"isPartOf\":{\"@id\":\"https:\\\/\\\/fanprojekt-oldenburg.de\\\/#website\"},\"primaryImageOfPage\":{\"@id\":\"https:\\\/\\\/fanprojekt-oldenburg.de\\\/?p=3562#primaryimage\"},\"image\":{\"@id\":\"https:\\\/\\\/fanprojekt-oldenburg.de\\\/?p=3562#primaryimage\"},\"thumbnailUrl\":\"https:\\\/\\\/fanprojekt-oldenburg.de\\\/wp-content\\\/uploads\\\/2024\\\/10\\\/Oktober.jpg\",\"datePublished\":\"2024-09-30T13:30:19+00:00\",\"dateModified\":\"2024-10-14T13:31:48+00:00\",\"breadcrumb\":{\"@id\":\"https:\\\/\\\/fanprojekt-oldenburg.de\\\/?p=3562#breadcrumb\"},\"inLanguage\":\"de\",\"potentialAction\":[{\"@type\":\"ReadAction\",\"target\":[\"https:\\\/\\\/fanprojekt-oldenburg.de\\\/?p=3562\"]}]},{\"@type\":\"ImageObject\",\"inLanguage\":\"de\",\"@id\":\"https:\\\/\\\/fanprojekt-oldenburg.de\\\/?p=3562#primaryimage\",\"url\":\"https:\\\/\\\/fanprojekt-oldenburg.de\\\/wp-content\\\/uploads\\\/2024\\\/10\\\/Oktober.jpg\",\"contentUrl\":\"https:\\\/\\\/fanprojekt-oldenburg.de\\\/wp-content\\\/uploads\\\/2024\\\/10\\\/Oktober.jpg\",\"width\":1080,\"height\":1080},{\"@type\":\"BreadcrumbList\",\"@id\":\"https:\\\/\\\/fanprojekt-oldenburg.de\\\/?p=3562#breadcrumb\",\"itemListElement\":[{\"@type\":\"ListItem\",\"position\":1,\"name\":\"Startseite\",\"item\":\"https:\\\/\\\/fanprojekt-oldenburg.de\\\/\"},{\"@type\":\"ListItem\",\"position\":2,\"name\":\"Monatsprogramm Oktober\"}]},{\"@type\":\"WebSite\",\"@id\":\"https:\\\/\\\/fanprojekt-oldenburg.de\\\/#website\",\"url\":\"https:\\\/\\\/fanprojekt-oldenburg.de\\\/\",\"name\":\"Fanprojekt Oldenburg\",\"description\":\"Soziale Arbeit mit Fu\u00dfballfans in Oldenburg\",\"publisher\":{\"@id\":\"https:\\\/\\\/fanprojekt-oldenburg.de\\\/#organization\"},\"potentialAction\":[{\"@type\":\"SearchAction\",\"target\":{\"@type\":\"EntryPoint\",\"urlTemplate\":\"https:\\\/\\\/fanprojekt-oldenburg.de\\\/?s={search_term_string}\"},\"query-input\":{\"@type\":\"PropertyValueSpecification\",\"valueRequired\":true,\"valueName\":\"search_term_string\"}}],\"inLanguage\":\"de\"},{\"@type\":\"Organization\",\"@id\":\"https:\\\/\\\/fanprojekt-oldenburg.de\\\/#organization\",\"name\":\"Fanprojekt Oldenburg\",\"url\":\"https:\\\/\\\/fanprojekt-oldenburg.de\\\/\",\"logo\":{\"@type\":\"ImageObject\",\"inLanguage\":\"de\",\"@id\":\"https:\\\/\\\/fanprojekt-oldenburg.de\\\/#\\\/schema\\\/logo\\\/image\\\/\",\"url\":\"https:\\\/\\\/fanprojekt-oldenburg.de\\\/wp-content\\\/uploads\\\/2020\\\/09\\\/apple-touch-icon.png\",\"contentUrl\":\"https:\\\/\\\/fanprojekt-oldenburg.de\\\/wp-content\\\/uploads\\\/2020\\\/09\\\/apple-touch-icon.png\",\"width\":512,\"height\":512,\"caption\":\"Fanprojekt Oldenburg\"},\"image\":{\"@id\":\"https:\\\/\\\/fanprojekt-oldenburg.de\\\/#\\\/schema\\\/logo\\\/image\\\/\"},\"sameAs\":[\"https:\\\/\\\/www.instagram.com\\\/fanprojekt_oldenburg\\\/\"]},{\"@type\":\"Person\",\"@id\":\"https:\\\/\\\/fanprojekt-oldenburg.de\\\/#\\\/schema\\\/person\\\/d908e7ed93642952db2dac1ba1fcb541\",\"name\":\"Svenja\"}]}<\/script>\n<!-- \/ Yoast SEO plugin. -->","yoast_head_json":{"title":"Monatsprogramm Oktober &#8212; Fanprojekt Oldenburg","robots":{"index":"index","follow":"follow","max-snippet":"max-snippet:-1","max-image-preview":"max-image-preview:large","max-video-preview":"max-video-preview:-1"},"canonical":"https:\/\/fanprojekt-oldenburg.de\/?p=3562","og_locale":"de_DE","og_type":"article","og_title":"Monatsprogramm Oktober &#8212; Fanprojekt Oldenburg","og_description":"+++ Wilde Zeiten +++ Der Herbst \ud83c\udf42 ist auch in Oldenburg da. Sportlich l\u00e4uft es aktuell so st\u00fcrmisch \ud83c\udf2c\ufe0f und wild \ud83d\ude35\u200d\ud83d\udcab wie die Jahreszeit. Wir hoffen, dass bald wieder viele der verletzten \ud83c\udfe5\ud83e\udd15 Spieler zur\u00fcck auf den Platz \ud83c\udfdf\ufe0f \u26bd\ufe0f kommen.Gerade weil es sportlich aktuell nicht l\u00e4uft, braucht der\u00a0@vfb_oldenburg\u00a0\ud83d\udc99\ud83e\udd0d die Unterst\u00fctzung von den R\u00e4ngen [&hellip;]","og_url":"https:\/\/fanprojekt-oldenburg.de\/?p=3562","og_site_name":"Fanprojekt Oldenburg","article_published_time":"2024-09-30T13:30:19+00:00","article_modified_time":"2024-10-14T13:31:48+00:00","og_image":[{"width":1080,"height":1080,"url":"https:\/\/fanprojekt-oldenburg.de\/wp-content\/uploads\/2024\/10\/Oktober.jpg","type":"image\/jpeg"}],"author":"Svenja","twitter_card":"summary_large_image","twitter_misc":{"Verfasst von":"Svenja","Gesch\u00e4tzte Lesezeit":"1\u00a0Minute"},"schema":{"@context":"https:\/\/schema.org","@graph":[{"@type":"Article","@id":"https:\/\/fanprojekt-oldenburg.de\/?p=3562#article","isPartOf":{"@id":"https:\/\/fanprojekt-oldenburg.de\/?p=3562"},"author":{"name":"Svenja","@id":"https:\/\/fanprojekt-oldenburg.de\/#\/schema\/person\/d908e7ed93642952db2dac1ba1fcb541"},"headline":"Monatsprogramm Oktober","datePublished":"2024-09-30T13:30:19+00:00","dateModified":"2024-10-14T13:31:48+00:00","mainEntityOfPage":{"@id":"https:\/\/fanprojekt-oldenburg.de\/?p=3562"},"wordCount":123,"commentCount":0,"publisher":{"@id":"https:\/\/fanprojekt-oldenburg.de\/#organization"},"image":{"@id":"https:\/\/fanprojekt-oldenburg.de\/?p=3562#primaryimage"},"thumbnailUrl":"https:\/\/fanprojekt-oldenburg.de\/wp-content\/uploads\/2024\/10\/Oktober.jpg","keywords":["Ausw\u00e4rtsfahrt","Ausw\u00e4rtsspiel","Fanprojekt Oldenburg","Fu\u00dfballtreff","Heimspiel","Monatsprogramm Fanprojekt Oldenburg","Soziale Arbeit mit Fu\u00dfballfans","Treff f\u00fcr Fu\u00dfballfans","VfB Oldenburg"],"articleSection":{"0":"Aktion","2":"News"},"inLanguage":"de","potentialAction":[{"@type":"CommentAction","name":"Comment","target":["https:\/\/fanprojekt-oldenburg.de\/?p=3562#respond"]}]},{"@type":"WebPage","@id":"https:\/\/fanprojekt-oldenburg.de\/?p=3562","url":"https:\/\/fanprojekt-oldenburg.de\/?p=3562","name":"Monatsprogramm Oktober &#8212; Fanprojekt Oldenburg","isPartOf":{"@id":"https:\/\/fanprojekt-oldenburg.de\/#website"},"primaryImageOfPage":{"@id":"https:\/\/fanprojekt-oldenburg.de\/?p=3562#primaryimage"},"image":{"@id":"https:\/\/fanprojekt-oldenburg.de\/?p=3562#primaryimage"},"thumbnailUrl":"https:\/\/fanprojekt-oldenburg.de\/wp-content\/uploads\/2024\/10\/Oktober.jpg","datePublished":"2024-09-30T13:30:19+00:00","dateModified":"2024-10-14T13:31:48+00:00","breadcrumb":{"@id":"https:\/\/fanprojekt-oldenburg.de\/?p=3562#breadcrumb"},"inLanguage":"de","potentialAction":[{"@type":"ReadAction","target":["https:\/\/fanprojekt-oldenburg.de\/?p=3562"]}]},{"@type":"ImageObject","inLanguage":"de","@id":"https:\/\/fanprojekt-oldenburg.de\/?p=3562#primaryimage","url":"https:\/\/fanprojekt-oldenburg.de\/wp-content\/uploads\/2024\/10\/Oktober.jpg","contentUrl":"https:\/\/fanprojekt-oldenburg.de\/wp-content\/uploads\/2024\/10\/Oktober.jpg","width":1080,"height":1080},{"@type":"BreadcrumbList","@id":"https:\/\/fanprojekt-oldenburg.de\/?p=3562#breadcrumb","itemListElement":[{"@type":"ListItem","position":1,"name":"Startseite","item":"https:\/\/fanprojekt-oldenburg.de\/"},{"@type":"ListItem","position":2,"name":"Monatsprogramm Oktober"}]},{"@type":"WebSite","@id":"https:\/\/fanprojekt-oldenburg.de\/#website","url":"https:\/\/fanprojekt-oldenburg.de\/","name":"Fanprojekt Oldenburg","description":"Soziale Arbeit mit Fu\u00dfballfans in Oldenburg","publisher":{"@id":"https:\/\/fanprojekt-oldenburg.de\/#organization"},"potentialAction":[{"@type":"SearchAction","target":{"@type":"EntryPoint","urlTemplate":"https:\/\/fanprojekt-oldenburg.de\/?s={search_term_string}"},"query-input":{"@type":"PropertyValueSpecification","valueRequired":true,"valueName":"search_term_string"}}],"inLanguage":"de"},{"@type":"Organization","@id":"https:\/\/fanprojekt-oldenburg.de\/#organization","name":"Fanprojekt Oldenburg","url":"https:\/\/fanprojekt-oldenburg.de\/","logo":{"@type":"ImageObject","inLanguage":"de","@id":"https:\/\/fanprojekt-oldenburg.de\/#\/schema\/logo\/image\/","url":"https:\/\/fanprojekt-oldenburg.de\/wp-content\/uploads\/2020\/09\/apple-touch-icon.png","contentUrl":"https:\/\/fanprojekt-oldenburg.de\/wp-content\/uploads\/2020\/09\/apple-touch-icon.png","width":512,"height":512,"caption":"Fanprojekt Oldenburg"},"image":{"@id":"https:\/\/fanprojekt-oldenburg.de\/#\/schema\/logo\/image\/"},"sameAs":["https:\/\/www.instagram.com\/fanprojekt_oldenburg\/"]},{"@type":"Person","@id":"https:\/\/fanprojekt-oldenburg.de\/#\/schema\/person\/d908e7ed93642952db2dac1ba1fcb541","name":"Svenja"}]}},"_links":{"self":[{"href":"https:\/\/fanprojekt-oldenburg.de\/index.php?rest_route=\/wp\/v2\/posts\/3562","targetHints":{"allow":["GET"]}}],"collection":[{"href":"https:\/\/fanprojekt-oldenburg.de\/index.php?rest_route=\/wp\/v2\/posts"}],"about":[{"href":"https:\/\/fanprojekt-oldenburg.de\/index.php?rest_route=\/wp\/v2\/types\/post"}],"author":[{"embeddable":true,"href":"https:\/\/fanprojekt-oldenburg.de\/index.php?rest_route=\/wp\/v2\/users\/5"}],"replies":[{"embeddable":true,"href":"https:\/\/fanprojekt-oldenburg.de\/index.php?rest_route=%2Fwp%2Fv2%2Fcomments&post=3562"}],"version-history":[{"count":4,"href":"https:\/\/fanprojekt-oldenburg.de\/index.php?rest_route=\/wp\/v2\/posts\/3562\/revisions"}],"predecessor-version":[{"id":3567,"href":"https:\/\/fanprojekt-oldenburg.de\/index.php?rest_route=\/wp\/v2\/posts\/3562\/revisions\/3567"}],"wp:featuredmedia":[{"embeddable":true,"href":"https:\/\/fanprojekt-oldenburg.de\/index.php?rest_route=\/wp\/v2\/media\/3563"}],"wp:attachment":[{"href":"https:\/\/fanprojekt-oldenburg.de\/index.php?rest_route=%2Fwp%2Fv2%2Fmedia&parent=3562"}],"wp:term":[{"taxonomy":"category","embeddable":true,"href":"https:\/\/fanprojekt-oldenburg.de\/index.php?rest_route=%2Fwp%2Fv2%2Fcategories&post=3562"},{"taxonomy":"post_tag","embeddable":true,"href":"https:\/\/fanprojekt-oldenburg.de\/index.php?rest_route=%2Fwp%2Fv2%2Ftags&post=3562"}],"curies":[{"name":"wp","href":"https:\/\/api.w.org\/{rel}","templated":true}]}}