{"id":3553,"date":"2024-09-18T15:23:55","date_gmt":"2024-09-18T13:23:55","guid":{"rendered":"https:\/\/fanprojekt-oldenburg.de\/?p=3553"},"modified":"2024-10-14T15:25:54","modified_gmt":"2024-10-14T13:25:54","slug":"u23-fahrt-zum-hsv-ii","status":"publish","type":"post","link":"https:\/\/fanprojekt-oldenburg.de\/?p=3553","title":{"rendered":"U23-Fahrt zum HSV II"},"content":{"rendered":"\t\t<div data-elementor-type=\"wp-post\" data-elementor-id=\"3553\" class=\"elementor elementor-3553\" data-elementor-post-type=\"post\">\n\t\t\t\t\t\t<section class=\"elementor-section elementor-top-section elementor-element elementor-element-26e9b85 elementor-section-boxed elementor-section-height-default elementor-section-height-default\" data-id=\"26e9b85\" data-element_type=\"section\" data-e-type=\"section\">\n\t\t\t\t\t\t<div class=\"elementor-container elementor-column-gap-default\">\n\t\t\t\t\t<div class=\"elementor-column elementor-col-100 elementor-top-column elementor-element elementor-element-e3a34be\" data-id=\"e3a34be\" data-element_type=\"column\" data-e-type=\"column\">\n\t\t\t<div class=\"elementor-widget-wrap elementor-element-populated\">\n\t\t\t\t\t\t<div class=\"elementor-element elementor-element-046d201 elementor-widget elementor-widget-heading\" data-id=\"046d201\" data-element_type=\"widget\" data-e-type=\"widget\" data-widget_type=\"heading.default\">\n\t\t\t\t<div class=\"elementor-widget-container\">\n\t\t\t\t\t<h2 class=\"elementor-heading-title elementor-size-default\">+++ Hamburg calling +++<\/h2>\t\t\t\t<\/div>\n\t\t\t\t<\/div>\n\t\t\t\t\t<\/div>\n\t\t<\/div>\n\t\t\t\t\t<\/div>\n\t\t<\/section>\n\t\t\t\t<section class=\"elementor-section elementor-top-section elementor-element elementor-element-0eb58d8 elementor-section-boxed elementor-section-height-default elementor-section-height-default\" data-id=\"0eb58d8\" data-element_type=\"section\" data-e-type=\"section\">\n\t\t\t\t\t\t<div class=\"elementor-container elementor-column-gap-default\">\n\t\t\t\t\t<div class=\"elementor-column elementor-col-100 elementor-top-column elementor-element elementor-element-d5d1ec0\" data-id=\"d5d1ec0\" data-element_type=\"column\" data-e-type=\"column\">\n\t\t\t<div class=\"elementor-widget-wrap elementor-element-populated\">\n\t\t\t\t\t\t<div class=\"elementor-element elementor-element-93bfa31 elementor-widget elementor-widget-text-editor\" data-id=\"93bfa31\" data-element_type=\"widget\" data-e-type=\"widget\" data-widget_type=\"text-editor.default\">\n\t\t\t\t<div class=\"elementor-widget-container\">\n\t\t\t\t\t\t\t\t\t<p>Nach dem gegl\u00fcckten \ud83c\udf40 Deb\u00fct von Fossi, hoffen wir auch gleich mal auf den ersten Ausw\u00e4rtssieg vom VfB Oldenburg \ud83d\udc99\ud83e\udd0d in dieser Saison. Gegner ist der Nachwuchs vom Hamburger SV \ud83d\udd35\u26aa\ufe0f\u26ab\ufe0f und mit uns seid ihr wieder mit dabei! \ud83d\ude90\ud83d\udca8<br \/><br \/>\ud83c\udd7f\ufe0f Treffpunkt ist am ZOB.<br \/>\ud83d\udccd Treffuhrzeit ist um 09:15 Uhr<br \/>\ud83d\udd64 Abfahrt ist um 09:30 Uhr.<br \/><br \/>Meldet euch bis zum 19.09. bei uns und wir schicken euch das Anmeldeformular zu. \ud83d\udcdd<br \/><br \/>Es gilt wieder ein absolutes Alkohol- und Rauchverbot sowie auf f\u00fcr andere Drogen. Wir erwarten ein respektvolles Miteinander f\u00fcr eine gute gemeinsame Zeit. \u270c\ud83c\udffc<\/p>\t\t\t\t\t\t\t\t<\/div>\n\t\t\t\t<\/div>\n\t\t\t\t\t<\/div>\n\t\t<\/div>\n\t\t\t\t\t<\/div>\n\t\t<\/section>\n\t\t\t\t<section class=\"elementor-section elementor-top-section elementor-element elementor-element-193e9bb elementor-section-boxed elementor-section-height-default elementor-section-height-default\" data-id=\"193e9bb\" data-element_type=\"section\" data-e-type=\"section\">\n\t\t\t\t\t\t<div class=\"elementor-container elementor-column-gap-default\">\n\t\t\t\t\t<div class=\"elementor-column elementor-col-100 elementor-top-column elementor-element elementor-element-1a9628f\" data-id=\"1a9628f\" data-element_type=\"column\" data-e-type=\"column\">\n\t\t\t<div class=\"elementor-widget-wrap elementor-element-populated\">\n\t\t\t\t\t\t<div class=\"elementor-element elementor-element-7ac286c dce_masking-none elementor-widget elementor-widget-image\" data-id=\"7ac286c\" data-element_type=\"widget\" data-e-type=\"widget\" data-widget_type=\"image.default\">\n\t\t\t\t<div class=\"elementor-widget-container\">\n\t\t\t\t\t\t\t\t\t\t\t\t\t\t\t<img fetchpriority=\"high\" decoding=\"async\" width=\"1024\" height=\"1024\" src=\"https:\/\/fanprojekt-oldenburg.de\/wp-content\/uploads\/2024\/10\/HSV-II-2-1024x1024.jpg\" class=\"attachment-large size-large wp-image-3556\" alt=\"\" srcset=\"https:\/\/fanprojekt-oldenburg.de\/wp-content\/uploads\/2024\/10\/HSV-II-2-1024x1024.jpg 1024w, https:\/\/fanprojekt-oldenburg.de\/wp-content\/uploads\/2024\/10\/HSV-II-2-300x300.jpg 300w, https:\/\/fanprojekt-oldenburg.de\/wp-content\/uploads\/2024\/10\/HSV-II-2-150x150.jpg 150w, https:\/\/fanprojekt-oldenburg.de\/wp-content\/uploads\/2024\/10\/HSV-II-2-768x768.jpg 768w, https:\/\/fanprojekt-oldenburg.de\/wp-content\/uploads\/2024\/10\/HSV-II-2.jpg 1080w\" sizes=\"(max-width: 1024px) 100vw, 1024px\" \/>\t\t\t\t\t\t\t\t\t\t\t\t\t\t\t<\/div>\n\t\t\t\t<\/div>\n\t\t\t\t\t<\/div>\n\t\t<\/div>\n\t\t\t\t\t<\/div>\n\t\t<\/section>\n\t\t\t\t<\/div>\n\t\t","protected":false},"excerpt":{"rendered":"<p>+++ Hamburg calling +++ Nach dem gegl\u00fcckten \ud83c\udf40 Deb\u00fct von Fossi, hoffen wir auch gleich mal auf den ersten Ausw\u00e4rtssieg vom VfB Oldenburg \ud83d\udc99\ud83e\udd0d in dieser Saison. Gegner ist der Nachwuchs vom Hamburger SV \ud83d\udd35\u26aa\ufe0f\u26ab\ufe0f und mit uns seid ihr wieder mit dabei! \ud83d\ude90\ud83d\udca8 \ud83c\udd7f\ufe0f Treffpunkt ist am ZOB.\ud83d\udccd Treffuhrzeit ist um 09:15 Uhr\ud83d\udd64 Abfahrt [&hellip;]<\/p>\n","protected":false},"author":5,"featured_media":3560,"comment_status":"open","ping_status":"open","sticky":false,"template":"","format":"standard","meta":{"_acf_changed":false,"footnotes":""},"categories":[10,1,9],"tags":[25,27,16,37,38,26],"class_list":["post-3553","post","type-post","status-publish","format-standard","has-post-thumbnail","hentry","category-aktion","category-allgemein","category-news","tag-auswaertsfahrt","tag-auswaertsspiel","tag-fanprojekt-oldenburg","tag-offene-jugendarbeit","tag-soziale-arbeit-mit-fussballfans","tag-u-23-fahrt"],"acf":[],"yoast_head":"<!-- This site is optimized with the Yoast SEO plugin v27.5 - https:\/\/yoast.com\/product\/yoast-seo-wordpress\/ -->\n<title>U23-Fahrt zum HSV II &#8212; Fanprojekt Oldenburg<\/title>\n<meta name=\"robots\" content=\"index, follow, max-snippet:-1, max-image-preview:large, max-video-preview:-1\" \/>\n<link rel=\"canonical\" href=\"https:\/\/fanprojekt-oldenburg.de\/?p=3553\" \/>\n<meta property=\"og:locale\" content=\"de_DE\" \/>\n<meta property=\"og:type\" content=\"article\" \/>\n<meta property=\"og:title\" content=\"U23-Fahrt zum HSV II &#8212; Fanprojekt Oldenburg\" \/>\n<meta property=\"og:description\" content=\"+++ Hamburg calling +++ Nach dem gegl\u00fcckten \ud83c\udf40 Deb\u00fct von Fossi, hoffen wir auch gleich mal auf den ersten Ausw\u00e4rtssieg vom VfB Oldenburg \ud83d\udc99\ud83e\udd0d in dieser Saison. Gegner ist der Nachwuchs vom Hamburger SV \ud83d\udd35\u26aa\ufe0f\u26ab\ufe0f und mit uns seid ihr wieder mit dabei! \ud83d\ude90\ud83d\udca8 \ud83c\udd7f\ufe0f Treffpunkt ist am ZOB.\ud83d\udccd Treffuhrzeit ist um 09:15 Uhr\ud83d\udd64 Abfahrt [&hellip;]\" \/>\n<meta property=\"og:url\" content=\"https:\/\/fanprojekt-oldenburg.de\/?p=3553\" \/>\n<meta property=\"og:site_name\" content=\"Fanprojekt Oldenburg\" \/>\n<meta property=\"article:published_time\" content=\"2024-09-18T13:23:55+00:00\" \/>\n<meta property=\"article:modified_time\" content=\"2024-10-14T13:25:54+00:00\" \/>\n<meta property=\"og:image\" content=\"https:\/\/fanprojekt-oldenburg.de\/wp-content\/uploads\/2024\/10\/HSV-II-1.jpg\" \/>\n\t<meta property=\"og:image:width\" content=\"1080\" \/>\n\t<meta property=\"og:image:height\" content=\"1080\" \/>\n\t<meta property=\"og:image:type\" content=\"image\/jpeg\" \/>\n<meta name=\"author\" content=\"Svenja\" \/>\n<meta name=\"twitter:card\" content=\"summary_large_image\" \/>\n<meta name=\"twitter:label1\" content=\"Verfasst von\" \/>\n\t<meta name=\"twitter:data1\" content=\"Svenja\" \/>\n\t<meta name=\"twitter:label2\" content=\"Gesch\u00e4tzte Lesezeit\" \/>\n\t<meta name=\"twitter:data2\" content=\"1\u00a0Minute\" \/>\n<script type=\"application\/ld+json\" class=\"yoast-schema-graph\">{\"@context\":\"https:\\\/\\\/schema.org\",\"@graph\":[{\"@type\":\"Article\",\"@id\":\"https:\\\/\\\/fanprojekt-oldenburg.de\\\/?p=3553#article\",\"isPartOf\":{\"@id\":\"https:\\\/\\\/fanprojekt-oldenburg.de\\\/?p=3553\"},\"author\":{\"name\":\"Svenja\",\"@id\":\"https:\\\/\\\/fanprojekt-oldenburg.de\\\/#\\\/schema\\\/person\\\/d908e7ed93642952db2dac1ba1fcb541\"},\"headline\":\"U23-Fahrt zum HSV II\",\"datePublished\":\"2024-09-18T13:23:55+00:00\",\"dateModified\":\"2024-10-14T13:25:54+00:00\",\"mainEntityOfPage\":{\"@id\":\"https:\\\/\\\/fanprojekt-oldenburg.de\\\/?p=3553\"},\"wordCount\":96,\"commentCount\":0,\"publisher\":{\"@id\":\"https:\\\/\\\/fanprojekt-oldenburg.de\\\/#organization\"},\"image\":{\"@id\":\"https:\\\/\\\/fanprojekt-oldenburg.de\\\/?p=3553#primaryimage\"},\"thumbnailUrl\":\"https:\\\/\\\/fanprojekt-oldenburg.de\\\/wp-content\\\/uploads\\\/2024\\\/10\\\/HSV-II-1.jpg\",\"keywords\":[\"Ausw\u00e4rtsfahrt\",\"Ausw\u00e4rtsspiel\",\"Fanprojekt Oldenburg\",\"Offene Jugendarbeit\",\"Soziale Arbeit mit Fu\u00dfballfans\",\"U-23-Fahrt\"],\"articleSection\":{\"0\":\"Aktion\",\"2\":\"News\"},\"inLanguage\":\"de\",\"potentialAction\":[{\"@type\":\"CommentAction\",\"name\":\"Comment\",\"target\":[\"https:\\\/\\\/fanprojekt-oldenburg.de\\\/?p=3553#respond\"]}]},{\"@type\":\"WebPage\",\"@id\":\"https:\\\/\\\/fanprojekt-oldenburg.de\\\/?p=3553\",\"url\":\"https:\\\/\\\/fanprojekt-oldenburg.de\\\/?p=3553\",\"name\":\"U23-Fahrt zum HSV II &#8212; Fanprojekt Oldenburg\",\"isPartOf\":{\"@id\":\"https:\\\/\\\/fanprojekt-oldenburg.de\\\/#website\"},\"primaryImageOfPage\":{\"@id\":\"https:\\\/\\\/fanprojekt-oldenburg.de\\\/?p=3553#primaryimage\"},\"image\":{\"@id\":\"https:\\\/\\\/fanprojekt-oldenburg.de\\\/?p=3553#primaryimage\"},\"thumbnailUrl\":\"https:\\\/\\\/fanprojekt-oldenburg.de\\\/wp-content\\\/uploads\\\/2024\\\/10\\\/HSV-II-1.jpg\",\"datePublished\":\"2024-09-18T13:23:55+00:00\",\"dateModified\":\"2024-10-14T13:25:54+00:00\",\"breadcrumb\":{\"@id\":\"https:\\\/\\\/fanprojekt-oldenburg.de\\\/?p=3553#breadcrumb\"},\"inLanguage\":\"de\",\"potentialAction\":[{\"@type\":\"ReadAction\",\"target\":[\"https:\\\/\\\/fanprojekt-oldenburg.de\\\/?p=3553\"]}]},{\"@type\":\"ImageObject\",\"inLanguage\":\"de\",\"@id\":\"https:\\\/\\\/fanprojekt-oldenburg.de\\\/?p=3553#primaryimage\",\"url\":\"https:\\\/\\\/fanprojekt-oldenburg.de\\\/wp-content\\\/uploads\\\/2024\\\/10\\\/HSV-II-1.jpg\",\"contentUrl\":\"https:\\\/\\\/fanprojekt-oldenburg.de\\\/wp-content\\\/uploads\\\/2024\\\/10\\\/HSV-II-1.jpg\",\"width\":1080,\"height\":1080},{\"@type\":\"BreadcrumbList\",\"@id\":\"https:\\\/\\\/fanprojekt-oldenburg.de\\\/?p=3553#breadcrumb\",\"itemListElement\":[{\"@type\":\"ListItem\",\"position\":1,\"name\":\"Startseite\",\"item\":\"https:\\\/\\\/fanprojekt-oldenburg.de\\\/\"},{\"@type\":\"ListItem\",\"position\":2,\"name\":\"U23-Fahrt zum HSV II\"}]},{\"@type\":\"WebSite\",\"@id\":\"https:\\\/\\\/fanprojekt-oldenburg.de\\\/#website\",\"url\":\"https:\\\/\\\/fanprojekt-oldenburg.de\\\/\",\"name\":\"Fanprojekt Oldenburg\",\"description\":\"Soziale Arbeit mit Fu\u00dfballfans in Oldenburg\",\"publisher\":{\"@id\":\"https:\\\/\\\/fanprojekt-oldenburg.de\\\/#organization\"},\"potentialAction\":[{\"@type\":\"SearchAction\",\"target\":{\"@type\":\"EntryPoint\",\"urlTemplate\":\"https:\\\/\\\/fanprojekt-oldenburg.de\\\/?s={search_term_string}\"},\"query-input\":{\"@type\":\"PropertyValueSpecification\",\"valueRequired\":true,\"valueName\":\"search_term_string\"}}],\"inLanguage\":\"de\"},{\"@type\":\"Organization\",\"@id\":\"https:\\\/\\\/fanprojekt-oldenburg.de\\\/#organization\",\"name\":\"Fanprojekt Oldenburg\",\"url\":\"https:\\\/\\\/fanprojekt-oldenburg.de\\\/\",\"logo\":{\"@type\":\"ImageObject\",\"inLanguage\":\"de\",\"@id\":\"https:\\\/\\\/fanprojekt-oldenburg.de\\\/#\\\/schema\\\/logo\\\/image\\\/\",\"url\":\"https:\\\/\\\/fanprojekt-oldenburg.de\\\/wp-content\\\/uploads\\\/2020\\\/09\\\/apple-touch-icon.png\",\"contentUrl\":\"https:\\\/\\\/fanprojekt-oldenburg.de\\\/wp-content\\\/uploads\\\/2020\\\/09\\\/apple-touch-icon.png\",\"width\":512,\"height\":512,\"caption\":\"Fanprojekt Oldenburg\"},\"image\":{\"@id\":\"https:\\\/\\\/fanprojekt-oldenburg.de\\\/#\\\/schema\\\/logo\\\/image\\\/\"},\"sameAs\":[\"https:\\\/\\\/www.instagram.com\\\/fanprojekt_oldenburg\\\/\"]},{\"@type\":\"Person\",\"@id\":\"https:\\\/\\\/fanprojekt-oldenburg.de\\\/#\\\/schema\\\/person\\\/d908e7ed93642952db2dac1ba1fcb541\",\"name\":\"Svenja\"}]}<\/script>\n<!-- \/ Yoast SEO plugin. -->","yoast_head_json":{"title":"U23-Fahrt zum HSV II &#8212; Fanprojekt Oldenburg","robots":{"index":"index","follow":"follow","max-snippet":"max-snippet:-1","max-image-preview":"max-image-preview:large","max-video-preview":"max-video-preview:-1"},"canonical":"https:\/\/fanprojekt-oldenburg.de\/?p=3553","og_locale":"de_DE","og_type":"article","og_title":"U23-Fahrt zum HSV II &#8212; Fanprojekt Oldenburg","og_description":"+++ Hamburg calling +++ Nach dem gegl\u00fcckten \ud83c\udf40 Deb\u00fct von Fossi, hoffen wir auch gleich mal auf den ersten Ausw\u00e4rtssieg vom VfB Oldenburg \ud83d\udc99\ud83e\udd0d in dieser Saison. Gegner ist der Nachwuchs vom Hamburger SV \ud83d\udd35\u26aa\ufe0f\u26ab\ufe0f und mit uns seid ihr wieder mit dabei! \ud83d\ude90\ud83d\udca8 \ud83c\udd7f\ufe0f Treffpunkt ist am ZOB.\ud83d\udccd Treffuhrzeit ist um 09:15 Uhr\ud83d\udd64 Abfahrt [&hellip;]","og_url":"https:\/\/fanprojekt-oldenburg.de\/?p=3553","og_site_name":"Fanprojekt Oldenburg","article_published_time":"2024-09-18T13:23:55+00:00","article_modified_time":"2024-10-14T13:25:54+00:00","og_image":[{"width":1080,"height":1080,"url":"https:\/\/fanprojekt-oldenburg.de\/wp-content\/uploads\/2024\/10\/HSV-II-1.jpg","type":"image\/jpeg"}],"author":"Svenja","twitter_card":"summary_large_image","twitter_misc":{"Verfasst von":"Svenja","Gesch\u00e4tzte Lesezeit":"1\u00a0Minute"},"schema":{"@context":"https:\/\/schema.org","@graph":[{"@type":"Article","@id":"https:\/\/fanprojekt-oldenburg.de\/?p=3553#article","isPartOf":{"@id":"https:\/\/fanprojekt-oldenburg.de\/?p=3553"},"author":{"name":"Svenja","@id":"https:\/\/fanprojekt-oldenburg.de\/#\/schema\/person\/d908e7ed93642952db2dac1ba1fcb541"},"headline":"U23-Fahrt zum HSV II","datePublished":"2024-09-18T13:23:55+00:00","dateModified":"2024-10-14T13:25:54+00:00","mainEntityOfPage":{"@id":"https:\/\/fanprojekt-oldenburg.de\/?p=3553"},"wordCount":96,"commentCount":0,"publisher":{"@id":"https:\/\/fanprojekt-oldenburg.de\/#organization"},"image":{"@id":"https:\/\/fanprojekt-oldenburg.de\/?p=3553#primaryimage"},"thumbnailUrl":"https:\/\/fanprojekt-oldenburg.de\/wp-content\/uploads\/2024\/10\/HSV-II-1.jpg","keywords":["Ausw\u00e4rtsfahrt","Ausw\u00e4rtsspiel","Fanprojekt Oldenburg","Offene Jugendarbeit","Soziale Arbeit mit Fu\u00dfballfans","U-23-Fahrt"],"articleSection":{"0":"Aktion","2":"News"},"inLanguage":"de","potentialAction":[{"@type":"CommentAction","name":"Comment","target":["https:\/\/fanprojekt-oldenburg.de\/?p=3553#respond"]}]},{"@type":"WebPage","@id":"https:\/\/fanprojekt-oldenburg.de\/?p=3553","url":"https:\/\/fanprojekt-oldenburg.de\/?p=3553","name":"U23-Fahrt zum HSV II &#8212; Fanprojekt Oldenburg","isPartOf":{"@id":"https:\/\/fanprojekt-oldenburg.de\/#website"},"primaryImageOfPage":{"@id":"https:\/\/fanprojekt-oldenburg.de\/?p=3553#primaryimage"},"image":{"@id":"https:\/\/fanprojekt-oldenburg.de\/?p=3553#primaryimage"},"thumbnailUrl":"https:\/\/fanprojekt-oldenburg.de\/wp-content\/uploads\/2024\/10\/HSV-II-1.jpg","datePublished":"2024-09-18T13:23:55+00:00","dateModified":"2024-10-14T13:25:54+00:00","breadcrumb":{"@id":"https:\/\/fanprojekt-oldenburg.de\/?p=3553#breadcrumb"},"inLanguage":"de","potentialAction":[{"@type":"ReadAction","target":["https:\/\/fanprojekt-oldenburg.de\/?p=3553"]}]},{"@type":"ImageObject","inLanguage":"de","@id":"https:\/\/fanprojekt-oldenburg.de\/?p=3553#primaryimage","url":"https:\/\/fanprojekt-oldenburg.de\/wp-content\/uploads\/2024\/10\/HSV-II-1.jpg","contentUrl":"https:\/\/fanprojekt-oldenburg.de\/wp-content\/uploads\/2024\/10\/HSV-II-1.jpg","width":1080,"height":1080},{"@type":"BreadcrumbList","@id":"https:\/\/fanprojekt-oldenburg.de\/?p=3553#breadcrumb","itemListElement":[{"@type":"ListItem","position":1,"name":"Startseite","item":"https:\/\/fanprojekt-oldenburg.de\/"},{"@type":"ListItem","position":2,"name":"U23-Fahrt zum HSV II"}]},{"@type":"WebSite","@id":"https:\/\/fanprojekt-oldenburg.de\/#website","url":"https:\/\/fanprojekt-oldenburg.de\/","name":"Fanprojekt Oldenburg","description":"Soziale Arbeit mit Fu\u00dfballfans in Oldenburg","publisher":{"@id":"https:\/\/fanprojekt-oldenburg.de\/#organization"},"potentialAction":[{"@type":"SearchAction","target":{"@type":"EntryPoint","urlTemplate":"https:\/\/fanprojekt-oldenburg.de\/?s={search_term_string}"},"query-input":{"@type":"PropertyValueSpecification","valueRequired":true,"valueName":"search_term_string"}}],"inLanguage":"de"},{"@type":"Organization","@id":"https:\/\/fanprojekt-oldenburg.de\/#organization","name":"Fanprojekt Oldenburg","url":"https:\/\/fanprojekt-oldenburg.de\/","logo":{"@type":"ImageObject","inLanguage":"de","@id":"https:\/\/fanprojekt-oldenburg.de\/#\/schema\/logo\/image\/","url":"https:\/\/fanprojekt-oldenburg.de\/wp-content\/uploads\/2020\/09\/apple-touch-icon.png","contentUrl":"https:\/\/fanprojekt-oldenburg.de\/wp-content\/uploads\/2020\/09\/apple-touch-icon.png","width":512,"height":512,"caption":"Fanprojekt Oldenburg"},"image":{"@id":"https:\/\/fanprojekt-oldenburg.de\/#\/schema\/logo\/image\/"},"sameAs":["https:\/\/www.instagram.com\/fanprojekt_oldenburg\/"]},{"@type":"Person","@id":"https:\/\/fanprojekt-oldenburg.de\/#\/schema\/person\/d908e7ed93642952db2dac1ba1fcb541","name":"Svenja"}]}},"_links":{"self":[{"href":"https:\/\/fanprojekt-oldenburg.de\/index.php?rest_route=\/wp\/v2\/posts\/3553","targetHints":{"allow":["GET"]}}],"collection":[{"href":"https:\/\/fanprojekt-oldenburg.de\/index.php?rest_route=\/wp\/v2\/posts"}],"about":[{"href":"https:\/\/fanprojekt-oldenburg.de\/index.php?rest_route=\/wp\/v2\/types\/post"}],"author":[{"embeddable":true,"href":"https:\/\/fanprojekt-oldenburg.de\/index.php?rest_route=\/wp\/v2\/users\/5"}],"replies":[{"embeddable":true,"href":"https:\/\/fanprojekt-oldenburg.de\/index.php?rest_route=%2Fwp%2Fv2%2Fcomments&post=3553"}],"version-history":[{"count":5,"href":"https:\/\/fanprojekt-oldenburg.de\/index.php?rest_route=\/wp\/v2\/posts\/3553\/revisions"}],"predecessor-version":[{"id":3561,"href":"https:\/\/fanprojekt-oldenburg.de\/index.php?rest_route=\/wp\/v2\/posts\/3553\/revisions\/3561"}],"wp:featuredmedia":[{"embeddable":true,"href":"https:\/\/fanprojekt-oldenburg.de\/index.php?rest_route=\/wp\/v2\/media\/3560"}],"wp:attachment":[{"href":"https:\/\/fanprojekt-oldenburg.de\/index.php?rest_route=%2Fwp%2Fv2%2Fmedia&parent=3553"}],"wp:term":[{"taxonomy":"category","embeddable":true,"href":"https:\/\/fanprojekt-oldenburg.de\/index.php?rest_route=%2Fwp%2Fv2%2Fcategories&post=3553"},{"taxonomy":"post_tag","embeddable":true,"href":"https:\/\/fanprojekt-oldenburg.de\/index.php?rest_route=%2Fwp%2Fv2%2Ftags&post=3553"}],"curies":[{"name":"wp","href":"https:\/\/api.w.org\/{rel}","templated":true}]}}