{"id":3539,"date":"2024-09-02T16:44:25","date_gmt":"2024-09-02T14:44:25","guid":{"rendered":"https:\/\/fanprojekt-oldenburg.de\/?p=3539"},"modified":"2024-09-02T16:45:54","modified_gmt":"2024-09-02T14:45:54","slug":"monatsprogramm-september","status":"publish","type":"post","link":"https:\/\/fanprojekt-oldenburg.de\/?p=3539","title":{"rendered":"Monatsprogramm September"},"content":{"rendered":"\t\t<div data-elementor-type=\"wp-post\" data-elementor-id=\"3539\" class=\"elementor elementor-3539\" data-elementor-post-type=\"post\">\n\t\t\t\t\t\t<section class=\"elementor-section elementor-top-section elementor-element elementor-element-63d78c3 elementor-section-boxed elementor-section-height-default elementor-section-height-default\" data-id=\"63d78c3\" data-element_type=\"section\" data-e-type=\"section\">\n\t\t\t\t\t\t<div class=\"elementor-container elementor-column-gap-default\">\n\t\t\t\t\t<div class=\"elementor-column elementor-col-100 elementor-top-column elementor-element elementor-element-7ed084b\" data-id=\"7ed084b\" data-element_type=\"column\" data-e-type=\"column\">\n\t\t\t<div class=\"elementor-widget-wrap elementor-element-populated\">\n\t\t\t\t\t\t<div class=\"elementor-element elementor-element-ced594e elementor-widget elementor-widget-heading\" data-id=\"ced594e\" data-element_type=\"widget\" data-e-type=\"widget\" data-widget_type=\"heading.default\">\n\t\t\t\t<div class=\"elementor-widget-container\">\n\t\t\t\t\t<h2 class=\"elementor-heading-title elementor-size-default\">+++ Wer wird\u2019s? +++<\/h2>\t\t\t\t<\/div>\n\t\t\t\t<\/div>\n\t\t\t\t<div class=\"elementor-element elementor-element-124a830 elementor-widget elementor-widget-text-editor\" data-id=\"124a830\" data-element_type=\"widget\" data-e-type=\"widget\" data-widget_type=\"text-editor.default\">\n\t\t\t\t<div class=\"elementor-widget-container\">\n\t\t\t\t\t\t\t\t\t<p>F\u00fcr den <a class=\"x1i10hfl xjbqb8w x1ejq31n xd10rxx x1sy0etr x17r0tee x972fbf xcfux6l x1qhh985 xm0m39n x9f619 x1ypdohk xt0psk2 xe8uvvx xdj266r x11i5rnm xat24cr x1mh8g0r xexx8yu x4uap5 x18d9i69 xkhd6sd x16tdsg8 x1hl2dhg xggy1nq x1a2a7pz notranslate _a6hd\" tabindex=\"0\" role=\"link\" href=\"https:\/\/www.instagram.com\/vfb_oldenburg\/\">@vfb_oldenburg<\/a>\u00a0\ud83d\udc99\ud83e\udd0d geht es in einen spannenden Monat \ud83d\udcc6 .\u00a0<\/p><p>Nach den schwierigen Spielen im August \ud83d\ude16 und der Trennung \ud83d\udc94 vom Trainer sollte es im September hoffentlich besser laufen \ud83c\udd99 . Die Spekulationen wer der neue Trainer an der Seitenlinie vom VfB werden wird, laufen auf Hochtouren \ud83d\udde3\ufe0f\ud83d\udcac.<br \/>Schreibt gerne in die Kommentare, vom wem ihr glaubt, dass er der neue Trainer \ud83d\udc64 vom VfB Oldenburg \ud83d\udc99\ud83e\udd0d wird .<br \/>Im September hei\u00dfen die Gegner: SV Todesfelde (A), FC St. Pauli II (H), Hamburger SV II (A) und Holstein Kiel II (H).<\/p><p>Ansonsten Kicken wir wie gewohnt jeden Montag auf dem Nebenplatz am Marschwegstadion \u26bd\ufe0f und sehen uns mittwochs im offenen Treff \ud83c\udfae\ud83c\udfaf\ud83c\udfb2\ud83c\udfa8.<br \/>Idee f\u00fcr Aktionen? Bringt euch gerne ein \ud83d\udde3\ufe0f<\/p><p>Zu den U23 Fahrten \ud83d\ude90 \ud83d\udca8 wird es wieder separat Infos \u2139\ufe0f geben.<\/p><p>Wir sehen uns Samstag! \ud83d\udc99\ud83e\udd0d<\/p>\t\t\t\t\t\t\t\t<\/div>\n\t\t\t\t<\/div>\n\t\t\t\t\t<\/div>\n\t\t<\/div>\n\t\t\t\t\t<\/div>\n\t\t<\/section>\n\t\t\t\t<section class=\"elementor-section elementor-top-section elementor-element elementor-element-cfc3628 elementor-section-boxed elementor-section-height-default elementor-section-height-default\" data-id=\"cfc3628\" data-element_type=\"section\" data-e-type=\"section\">\n\t\t\t\t\t\t<div class=\"elementor-container elementor-column-gap-default\">\n\t\t\t\t\t<div class=\"elementor-column elementor-col-100 elementor-top-column elementor-element elementor-element-ba5e7b7\" data-id=\"ba5e7b7\" data-element_type=\"column\" data-e-type=\"column\">\n\t\t\t<div class=\"elementor-widget-wrap elementor-element-populated\">\n\t\t\t\t\t\t<div class=\"elementor-element elementor-element-cf53164 dce_masking-none elementor-widget elementor-widget-image\" data-id=\"cf53164\" data-element_type=\"widget\" data-e-type=\"widget\" data-widget_type=\"image.default\">\n\t\t\t\t<div class=\"elementor-widget-container\">\n\t\t\t\t\t\t\t\t\t\t\t\t\t\t\t<img fetchpriority=\"high\" decoding=\"async\" width=\"1024\" height=\"1024\" src=\"https:\/\/fanprojekt-oldenburg.de\/wp-content\/uploads\/2024\/09\/Sptember-1-1024x1024.jpg\" class=\"attachment-large size-large wp-image-3542\" alt=\"\" srcset=\"https:\/\/fanprojekt-oldenburg.de\/wp-content\/uploads\/2024\/09\/Sptember-1-1024x1024.jpg 1024w, https:\/\/fanprojekt-oldenburg.de\/wp-content\/uploads\/2024\/09\/Sptember-1-300x300.jpg 300w, https:\/\/fanprojekt-oldenburg.de\/wp-content\/uploads\/2024\/09\/Sptember-1-150x150.jpg 150w, https:\/\/fanprojekt-oldenburg.de\/wp-content\/uploads\/2024\/09\/Sptember-1-768x768.jpg 768w, https:\/\/fanprojekt-oldenburg.de\/wp-content\/uploads\/2024\/09\/Sptember-1.jpg 1080w\" sizes=\"(max-width: 1024px) 100vw, 1024px\" \/>\t\t\t\t\t\t\t\t\t\t\t\t\t\t\t<\/div>\n\t\t\t\t<\/div>\n\t\t\t\t<div class=\"elementor-element elementor-element-405e554 dce_masking-none elementor-widget elementor-widget-image\" data-id=\"405e554\" data-element_type=\"widget\" data-e-type=\"widget\" data-widget_type=\"image.default\">\n\t\t\t\t<div class=\"elementor-widget-container\">\n\t\t\t\t\t\t\t\t\t\t\t\t\t\t\t<img decoding=\"async\" width=\"1024\" height=\"1024\" src=\"https:\/\/fanprojekt-oldenburg.de\/wp-content\/uploads\/2024\/09\/Sptember-2-1024x1024.jpg\" class=\"attachment-large size-large wp-image-3543\" alt=\"\" srcset=\"https:\/\/fanprojekt-oldenburg.de\/wp-content\/uploads\/2024\/09\/Sptember-2-1024x1024.jpg 1024w, https:\/\/fanprojekt-oldenburg.de\/wp-content\/uploads\/2024\/09\/Sptember-2-300x300.jpg 300w, https:\/\/fanprojekt-oldenburg.de\/wp-content\/uploads\/2024\/09\/Sptember-2-150x150.jpg 150w, https:\/\/fanprojekt-oldenburg.de\/wp-content\/uploads\/2024\/09\/Sptember-2-768x768.jpg 768w, https:\/\/fanprojekt-oldenburg.de\/wp-content\/uploads\/2024\/09\/Sptember-2.jpg 1080w\" sizes=\"(max-width: 1024px) 100vw, 1024px\" \/>\t\t\t\t\t\t\t\t\t\t\t\t\t\t\t<\/div>\n\t\t\t\t<\/div>\n\t\t\t\t\t<\/div>\n\t\t<\/div>\n\t\t\t\t\t<\/div>\n\t\t<\/section>\n\t\t\t\t<\/div>\n\t\t","protected":false},"excerpt":{"rendered":"<p>+++ Wer wird\u2019s? +++ F\u00fcr den @vfb_oldenburg\u00a0\ud83d\udc99\ud83e\udd0d geht es in einen spannenden Monat \ud83d\udcc6 .\u00a0 Nach den schwierigen Spielen im August \ud83d\ude16 und der Trennung \ud83d\udc94 vom Trainer sollte es im September hoffentlich besser laufen \ud83c\udd99 . Die Spekulationen wer der neue Trainer an der Seitenlinie vom VfB werden wird, laufen auf Hochtouren \ud83d\udde3\ufe0f\ud83d\udcac.Schreibt gerne [&hellip;]<\/p>\n","protected":false},"author":5,"featured_media":3540,"comment_status":"open","ping_status":"open","sticky":false,"template":"","format":"standard","meta":{"_acf_changed":false,"footnotes":""},"categories":[10,1,9],"tags":[25,27,16,45,70,37,35,74,38,36,26,28],"class_list":["post-3539","post","type-post","status-publish","format-standard","has-post-thumbnail","hentry","category-aktion","category-allgemein","category-news","tag-auswaertsfahrt","tag-auswaertsspiel","tag-fanprojekt-oldenburg","tag-fussballtreff","tag-heimspiel","tag-offene-jugendarbeit","tag-offener-treff","tag-regionalliga-nord","tag-soziale-arbeit-mit-fussballfans","tag-treff-fuer-fussballfans","tag-u-23-fahrt","tag-vfb-oldenburg"],"acf":[],"yoast_head":"<!-- This site is optimized with the Yoast SEO plugin v27.5 - https:\/\/yoast.com\/product\/yoast-seo-wordpress\/ -->\n<title>Monatsprogramm September &#8212; Fanprojekt Oldenburg<\/title>\n<meta name=\"robots\" content=\"index, follow, max-snippet:-1, max-image-preview:large, max-video-preview:-1\" \/>\n<link rel=\"canonical\" href=\"https:\/\/fanprojekt-oldenburg.de\/?p=3539\" \/>\n<meta property=\"og:locale\" content=\"de_DE\" \/>\n<meta property=\"og:type\" content=\"article\" \/>\n<meta property=\"og:title\" content=\"Monatsprogramm September &#8212; Fanprojekt Oldenburg\" \/>\n<meta property=\"og:description\" content=\"+++ Wer wird\u2019s? +++ F\u00fcr den @vfb_oldenburg\u00a0\ud83d\udc99\ud83e\udd0d geht es in einen spannenden Monat \ud83d\udcc6 .\u00a0 Nach den schwierigen Spielen im August \ud83d\ude16 und der Trennung \ud83d\udc94 vom Trainer sollte es im September hoffentlich besser laufen \ud83c\udd99 . Die Spekulationen wer der neue Trainer an der Seitenlinie vom VfB werden wird, laufen auf Hochtouren \ud83d\udde3\ufe0f\ud83d\udcac.Schreibt gerne [&hellip;]\" \/>\n<meta property=\"og:url\" content=\"https:\/\/fanprojekt-oldenburg.de\/?p=3539\" \/>\n<meta property=\"og:site_name\" content=\"Fanprojekt Oldenburg\" \/>\n<meta property=\"article:published_time\" content=\"2024-09-02T14:44:25+00:00\" \/>\n<meta property=\"article:modified_time\" content=\"2024-09-02T14:45:54+00:00\" \/>\n<meta property=\"og:image\" content=\"https:\/\/fanprojekt-oldenburg.de\/wp-content\/uploads\/2024\/09\/September.jpg\" \/>\n\t<meta property=\"og:image:width\" content=\"1080\" \/>\n\t<meta property=\"og:image:height\" content=\"1080\" \/>\n\t<meta property=\"og:image:type\" content=\"image\/jpeg\" \/>\n<meta name=\"author\" content=\"Svenja\" \/>\n<meta name=\"twitter:card\" content=\"summary_large_image\" \/>\n<meta name=\"twitter:label1\" content=\"Verfasst von\" \/>\n\t<meta name=\"twitter:data1\" content=\"Svenja\" \/>\n\t<meta name=\"twitter:label2\" content=\"Gesch\u00e4tzte Lesezeit\" \/>\n\t<meta name=\"twitter:data2\" content=\"2\u00a0Minuten\" \/>\n<script type=\"application\/ld+json\" class=\"yoast-schema-graph\">{\"@context\":\"https:\\\/\\\/schema.org\",\"@graph\":[{\"@type\":\"Article\",\"@id\":\"https:\\\/\\\/fanprojekt-oldenburg.de\\\/?p=3539#article\",\"isPartOf\":{\"@id\":\"https:\\\/\\\/fanprojekt-oldenburg.de\\\/?p=3539\"},\"author\":{\"name\":\"Svenja\",\"@id\":\"https:\\\/\\\/fanprojekt-oldenburg.de\\\/#\\\/schema\\\/person\\\/d908e7ed93642952db2dac1ba1fcb541\"},\"headline\":\"Monatsprogramm September\",\"datePublished\":\"2024-09-02T14:44:25+00:00\",\"dateModified\":\"2024-09-02T14:45:54+00:00\",\"mainEntityOfPage\":{\"@id\":\"https:\\\/\\\/fanprojekt-oldenburg.de\\\/?p=3539\"},\"wordCount\":132,\"commentCount\":0,\"publisher\":{\"@id\":\"https:\\\/\\\/fanprojekt-oldenburg.de\\\/#organization\"},\"image\":{\"@id\":\"https:\\\/\\\/fanprojekt-oldenburg.de\\\/?p=3539#primaryimage\"},\"thumbnailUrl\":\"https:\\\/\\\/fanprojekt-oldenburg.de\\\/wp-content\\\/uploads\\\/2024\\\/09\\\/September.jpg\",\"keywords\":[\"Ausw\u00e4rtsfahrt\",\"Ausw\u00e4rtsspiel\",\"Fanprojekt Oldenburg\",\"Fu\u00dfballtreff\",\"Heimspiel\",\"Offene Jugendarbeit\",\"Offener Treff\",\"Regionalliga Nord\",\"Soziale Arbeit mit Fu\u00dfballfans\",\"Treff f\u00fcr Fu\u00dfballfans\",\"U-23-Fahrt\",\"VfB Oldenburg\"],\"articleSection\":{\"0\":\"Aktion\",\"2\":\"News\"},\"inLanguage\":\"de\",\"potentialAction\":[{\"@type\":\"CommentAction\",\"name\":\"Comment\",\"target\":[\"https:\\\/\\\/fanprojekt-oldenburg.de\\\/?p=3539#respond\"]}]},{\"@type\":\"WebPage\",\"@id\":\"https:\\\/\\\/fanprojekt-oldenburg.de\\\/?p=3539\",\"url\":\"https:\\\/\\\/fanprojekt-oldenburg.de\\\/?p=3539\",\"name\":\"Monatsprogramm September &#8212; Fanprojekt Oldenburg\",\"isPartOf\":{\"@id\":\"https:\\\/\\\/fanprojekt-oldenburg.de\\\/#website\"},\"primaryImageOfPage\":{\"@id\":\"https:\\\/\\\/fanprojekt-oldenburg.de\\\/?p=3539#primaryimage\"},\"image\":{\"@id\":\"https:\\\/\\\/fanprojekt-oldenburg.de\\\/?p=3539#primaryimage\"},\"thumbnailUrl\":\"https:\\\/\\\/fanprojekt-oldenburg.de\\\/wp-content\\\/uploads\\\/2024\\\/09\\\/September.jpg\",\"datePublished\":\"2024-09-02T14:44:25+00:00\",\"dateModified\":\"2024-09-02T14:45:54+00:00\",\"breadcrumb\":{\"@id\":\"https:\\\/\\\/fanprojekt-oldenburg.de\\\/?p=3539#breadcrumb\"},\"inLanguage\":\"de\",\"potentialAction\":[{\"@type\":\"ReadAction\",\"target\":[\"https:\\\/\\\/fanprojekt-oldenburg.de\\\/?p=3539\"]}]},{\"@type\":\"ImageObject\",\"inLanguage\":\"de\",\"@id\":\"https:\\\/\\\/fanprojekt-oldenburg.de\\\/?p=3539#primaryimage\",\"url\":\"https:\\\/\\\/fanprojekt-oldenburg.de\\\/wp-content\\\/uploads\\\/2024\\\/09\\\/September.jpg\",\"contentUrl\":\"https:\\\/\\\/fanprojekt-oldenburg.de\\\/wp-content\\\/uploads\\\/2024\\\/09\\\/September.jpg\",\"width\":1080,\"height\":1080},{\"@type\":\"BreadcrumbList\",\"@id\":\"https:\\\/\\\/fanprojekt-oldenburg.de\\\/?p=3539#breadcrumb\",\"itemListElement\":[{\"@type\":\"ListItem\",\"position\":1,\"name\":\"Startseite\",\"item\":\"https:\\\/\\\/fanprojekt-oldenburg.de\\\/\"},{\"@type\":\"ListItem\",\"position\":2,\"name\":\"Monatsprogramm September\"}]},{\"@type\":\"WebSite\",\"@id\":\"https:\\\/\\\/fanprojekt-oldenburg.de\\\/#website\",\"url\":\"https:\\\/\\\/fanprojekt-oldenburg.de\\\/\",\"name\":\"Fanprojekt Oldenburg\",\"description\":\"Soziale Arbeit mit Fu\u00dfballfans in Oldenburg\",\"publisher\":{\"@id\":\"https:\\\/\\\/fanprojekt-oldenburg.de\\\/#organization\"},\"potentialAction\":[{\"@type\":\"SearchAction\",\"target\":{\"@type\":\"EntryPoint\",\"urlTemplate\":\"https:\\\/\\\/fanprojekt-oldenburg.de\\\/?s={search_term_string}\"},\"query-input\":{\"@type\":\"PropertyValueSpecification\",\"valueRequired\":true,\"valueName\":\"search_term_string\"}}],\"inLanguage\":\"de\"},{\"@type\":\"Organization\",\"@id\":\"https:\\\/\\\/fanprojekt-oldenburg.de\\\/#organization\",\"name\":\"Fanprojekt Oldenburg\",\"url\":\"https:\\\/\\\/fanprojekt-oldenburg.de\\\/\",\"logo\":{\"@type\":\"ImageObject\",\"inLanguage\":\"de\",\"@id\":\"https:\\\/\\\/fanprojekt-oldenburg.de\\\/#\\\/schema\\\/logo\\\/image\\\/\",\"url\":\"https:\\\/\\\/fanprojekt-oldenburg.de\\\/wp-content\\\/uploads\\\/2020\\\/09\\\/apple-touch-icon.png\",\"contentUrl\":\"https:\\\/\\\/fanprojekt-oldenburg.de\\\/wp-content\\\/uploads\\\/2020\\\/09\\\/apple-touch-icon.png\",\"width\":512,\"height\":512,\"caption\":\"Fanprojekt Oldenburg\"},\"image\":{\"@id\":\"https:\\\/\\\/fanprojekt-oldenburg.de\\\/#\\\/schema\\\/logo\\\/image\\\/\"},\"sameAs\":[\"https:\\\/\\\/www.instagram.com\\\/fanprojekt_oldenburg\\\/\"]},{\"@type\":\"Person\",\"@id\":\"https:\\\/\\\/fanprojekt-oldenburg.de\\\/#\\\/schema\\\/person\\\/d908e7ed93642952db2dac1ba1fcb541\",\"name\":\"Svenja\"}]}<\/script>\n<!-- \/ Yoast SEO plugin. -->","yoast_head_json":{"title":"Monatsprogramm September &#8212; Fanprojekt Oldenburg","robots":{"index":"index","follow":"follow","max-snippet":"max-snippet:-1","max-image-preview":"max-image-preview:large","max-video-preview":"max-video-preview:-1"},"canonical":"https:\/\/fanprojekt-oldenburg.de\/?p=3539","og_locale":"de_DE","og_type":"article","og_title":"Monatsprogramm September &#8212; Fanprojekt Oldenburg","og_description":"+++ Wer wird\u2019s? +++ F\u00fcr den @vfb_oldenburg\u00a0\ud83d\udc99\ud83e\udd0d geht es in einen spannenden Monat \ud83d\udcc6 .\u00a0 Nach den schwierigen Spielen im August \ud83d\ude16 und der Trennung \ud83d\udc94 vom Trainer sollte es im September hoffentlich besser laufen \ud83c\udd99 . Die Spekulationen wer der neue Trainer an der Seitenlinie vom VfB werden wird, laufen auf Hochtouren \ud83d\udde3\ufe0f\ud83d\udcac.Schreibt gerne [&hellip;]","og_url":"https:\/\/fanprojekt-oldenburg.de\/?p=3539","og_site_name":"Fanprojekt Oldenburg","article_published_time":"2024-09-02T14:44:25+00:00","article_modified_time":"2024-09-02T14:45:54+00:00","og_image":[{"width":1080,"height":1080,"url":"https:\/\/fanprojekt-oldenburg.de\/wp-content\/uploads\/2024\/09\/September.jpg","type":"image\/jpeg"}],"author":"Svenja","twitter_card":"summary_large_image","twitter_misc":{"Verfasst von":"Svenja","Gesch\u00e4tzte Lesezeit":"2\u00a0Minuten"},"schema":{"@context":"https:\/\/schema.org","@graph":[{"@type":"Article","@id":"https:\/\/fanprojekt-oldenburg.de\/?p=3539#article","isPartOf":{"@id":"https:\/\/fanprojekt-oldenburg.de\/?p=3539"},"author":{"name":"Svenja","@id":"https:\/\/fanprojekt-oldenburg.de\/#\/schema\/person\/d908e7ed93642952db2dac1ba1fcb541"},"headline":"Monatsprogramm September","datePublished":"2024-09-02T14:44:25+00:00","dateModified":"2024-09-02T14:45:54+00:00","mainEntityOfPage":{"@id":"https:\/\/fanprojekt-oldenburg.de\/?p=3539"},"wordCount":132,"commentCount":0,"publisher":{"@id":"https:\/\/fanprojekt-oldenburg.de\/#organization"},"image":{"@id":"https:\/\/fanprojekt-oldenburg.de\/?p=3539#primaryimage"},"thumbnailUrl":"https:\/\/fanprojekt-oldenburg.de\/wp-content\/uploads\/2024\/09\/September.jpg","keywords":["Ausw\u00e4rtsfahrt","Ausw\u00e4rtsspiel","Fanprojekt Oldenburg","Fu\u00dfballtreff","Heimspiel","Offene Jugendarbeit","Offener Treff","Regionalliga Nord","Soziale Arbeit mit Fu\u00dfballfans","Treff f\u00fcr Fu\u00dfballfans","U-23-Fahrt","VfB Oldenburg"],"articleSection":{"0":"Aktion","2":"News"},"inLanguage":"de","potentialAction":[{"@type":"CommentAction","name":"Comment","target":["https:\/\/fanprojekt-oldenburg.de\/?p=3539#respond"]}]},{"@type":"WebPage","@id":"https:\/\/fanprojekt-oldenburg.de\/?p=3539","url":"https:\/\/fanprojekt-oldenburg.de\/?p=3539","name":"Monatsprogramm September &#8212; Fanprojekt Oldenburg","isPartOf":{"@id":"https:\/\/fanprojekt-oldenburg.de\/#website"},"primaryImageOfPage":{"@id":"https:\/\/fanprojekt-oldenburg.de\/?p=3539#primaryimage"},"image":{"@id":"https:\/\/fanprojekt-oldenburg.de\/?p=3539#primaryimage"},"thumbnailUrl":"https:\/\/fanprojekt-oldenburg.de\/wp-content\/uploads\/2024\/09\/September.jpg","datePublished":"2024-09-02T14:44:25+00:00","dateModified":"2024-09-02T14:45:54+00:00","breadcrumb":{"@id":"https:\/\/fanprojekt-oldenburg.de\/?p=3539#breadcrumb"},"inLanguage":"de","potentialAction":[{"@type":"ReadAction","target":["https:\/\/fanprojekt-oldenburg.de\/?p=3539"]}]},{"@type":"ImageObject","inLanguage":"de","@id":"https:\/\/fanprojekt-oldenburg.de\/?p=3539#primaryimage","url":"https:\/\/fanprojekt-oldenburg.de\/wp-content\/uploads\/2024\/09\/September.jpg","contentUrl":"https:\/\/fanprojekt-oldenburg.de\/wp-content\/uploads\/2024\/09\/September.jpg","width":1080,"height":1080},{"@type":"BreadcrumbList","@id":"https:\/\/fanprojekt-oldenburg.de\/?p=3539#breadcrumb","itemListElement":[{"@type":"ListItem","position":1,"name":"Startseite","item":"https:\/\/fanprojekt-oldenburg.de\/"},{"@type":"ListItem","position":2,"name":"Monatsprogramm September"}]},{"@type":"WebSite","@id":"https:\/\/fanprojekt-oldenburg.de\/#website","url":"https:\/\/fanprojekt-oldenburg.de\/","name":"Fanprojekt Oldenburg","description":"Soziale Arbeit mit Fu\u00dfballfans in Oldenburg","publisher":{"@id":"https:\/\/fanprojekt-oldenburg.de\/#organization"},"potentialAction":[{"@type":"SearchAction","target":{"@type":"EntryPoint","urlTemplate":"https:\/\/fanprojekt-oldenburg.de\/?s={search_term_string}"},"query-input":{"@type":"PropertyValueSpecification","valueRequired":true,"valueName":"search_term_string"}}],"inLanguage":"de"},{"@type":"Organization","@id":"https:\/\/fanprojekt-oldenburg.de\/#organization","name":"Fanprojekt Oldenburg","url":"https:\/\/fanprojekt-oldenburg.de\/","logo":{"@type":"ImageObject","inLanguage":"de","@id":"https:\/\/fanprojekt-oldenburg.de\/#\/schema\/logo\/image\/","url":"https:\/\/fanprojekt-oldenburg.de\/wp-content\/uploads\/2020\/09\/apple-touch-icon.png","contentUrl":"https:\/\/fanprojekt-oldenburg.de\/wp-content\/uploads\/2020\/09\/apple-touch-icon.png","width":512,"height":512,"caption":"Fanprojekt Oldenburg"},"image":{"@id":"https:\/\/fanprojekt-oldenburg.de\/#\/schema\/logo\/image\/"},"sameAs":["https:\/\/www.instagram.com\/fanprojekt_oldenburg\/"]},{"@type":"Person","@id":"https:\/\/fanprojekt-oldenburg.de\/#\/schema\/person\/d908e7ed93642952db2dac1ba1fcb541","name":"Svenja"}]}},"_links":{"self":[{"href":"https:\/\/fanprojekt-oldenburg.de\/index.php?rest_route=\/wp\/v2\/posts\/3539","targetHints":{"allow":["GET"]}}],"collection":[{"href":"https:\/\/fanprojekt-oldenburg.de\/index.php?rest_route=\/wp\/v2\/posts"}],"about":[{"href":"https:\/\/fanprojekt-oldenburg.de\/index.php?rest_route=\/wp\/v2\/types\/post"}],"author":[{"embeddable":true,"href":"https:\/\/fanprojekt-oldenburg.de\/index.php?rest_route=\/wp\/v2\/users\/5"}],"replies":[{"embeddable":true,"href":"https:\/\/fanprojekt-oldenburg.de\/index.php?rest_route=%2Fwp%2Fv2%2Fcomments&post=3539"}],"version-history":[{"count":4,"href":"https:\/\/fanprojekt-oldenburg.de\/index.php?rest_route=\/wp\/v2\/posts\/3539\/revisions"}],"predecessor-version":[{"id":3546,"href":"https:\/\/fanprojekt-oldenburg.de\/index.php?rest_route=\/wp\/v2\/posts\/3539\/revisions\/3546"}],"wp:featuredmedia":[{"embeddable":true,"href":"https:\/\/fanprojekt-oldenburg.de\/index.php?rest_route=\/wp\/v2\/media\/3540"}],"wp:attachment":[{"href":"https:\/\/fanprojekt-oldenburg.de\/index.php?rest_route=%2Fwp%2Fv2%2Fmedia&parent=3539"}],"wp:term":[{"taxonomy":"category","embeddable":true,"href":"https:\/\/fanprojekt-oldenburg.de\/index.php?rest_route=%2Fwp%2Fv2%2Fcategories&post=3539"},{"taxonomy":"post_tag","embeddable":true,"href":"https:\/\/fanprojekt-oldenburg.de\/index.php?rest_route=%2Fwp%2Fv2%2Ftags&post=3539"}],"curies":[{"name":"wp","href":"https:\/\/api.w.org\/{rel}","templated":true}]}}