{"id":3485,"date":"2024-08-06T11:27:14","date_gmt":"2024-08-06T09:27:14","guid":{"rendered":"https:\/\/fanprojekt-oldenburg.de\/?p=3485"},"modified":"2024-08-08T11:51:17","modified_gmt":"2024-08-08T09:51:17","slug":"u23-fahrt-nach-lubeck","status":"publish","type":"post","link":"https:\/\/fanprojekt-oldenburg.de\/?p=3485","title":{"rendered":"U23-Fahrt nach L\u00fcbeck"},"content":{"rendered":"\t\t<div data-elementor-type=\"wp-post\" data-elementor-id=\"3485\" class=\"elementor elementor-3485\" data-elementor-post-type=\"post\">\n\t\t\t\t\t\t<section class=\"elementor-section elementor-top-section elementor-element elementor-element-d8eddf5 elementor-section-boxed elementor-section-height-default elementor-section-height-default\" data-id=\"d8eddf5\" data-element_type=\"section\" data-e-type=\"section\">\n\t\t\t\t\t\t<div class=\"elementor-container elementor-column-gap-default\">\n\t\t\t\t\t<div class=\"elementor-column elementor-col-100 elementor-top-column elementor-element elementor-element-02b6eb2\" data-id=\"02b6eb2\" data-element_type=\"column\" data-e-type=\"column\">\n\t\t\t<div class=\"elementor-widget-wrap elementor-element-populated\">\n\t\t\t\t\t\t<div class=\"elementor-element elementor-element-be63bbc elementor-widget elementor-widget-heading\" data-id=\"be63bbc\" data-element_type=\"widget\" data-e-type=\"widget\" data-widget_type=\"heading.default\">\n\t\t\t\t<div class=\"elementor-widget-container\">\n\t\t\t\t\t<h2 class=\"elementor-heading-title elementor-size-default\">+++ Der 3. Spieltag +++<\/h2>\t\t\t\t<\/div>\n\t\t\t\t<\/div>\n\t\t\t\t<div class=\"elementor-element elementor-element-97f4e91 dce_masking-none elementor-widget elementor-widget-image\" data-id=\"97f4e91\" data-element_type=\"widget\" data-e-type=\"widget\" data-widget_type=\"image.default\">\n\t\t\t\t<div class=\"elementor-widget-container\">\n\t\t\t\t\t\t\t\t\t\t\t\t\t\t\t<img fetchpriority=\"high\" decoding=\"async\" width=\"1024\" height=\"1024\" src=\"https:\/\/fanprojekt-oldenburg.de\/wp-content\/uploads\/2024\/08\/Phonix-Lubeck-2-1-1024x1024.jpg\" class=\"attachment-large size-large wp-image-3488\" alt=\"\" srcset=\"https:\/\/fanprojekt-oldenburg.de\/wp-content\/uploads\/2024\/08\/Phonix-Lubeck-2-1-1024x1024.jpg 1024w, https:\/\/fanprojekt-oldenburg.de\/wp-content\/uploads\/2024\/08\/Phonix-Lubeck-2-1-300x300.jpg 300w, https:\/\/fanprojekt-oldenburg.de\/wp-content\/uploads\/2024\/08\/Phonix-Lubeck-2-1-150x150.jpg 150w, https:\/\/fanprojekt-oldenburg.de\/wp-content\/uploads\/2024\/08\/Phonix-Lubeck-2-1-768x768.jpg 768w, https:\/\/fanprojekt-oldenburg.de\/wp-content\/uploads\/2024\/08\/Phonix-Lubeck-2-1.jpg 1080w\" sizes=\"(max-width: 1024px) 100vw, 1024px\" \/>\t\t\t\t\t\t\t\t\t\t\t\t\t\t\t<\/div>\n\t\t\t\t<\/div>\n\t\t\t\t<div class=\"elementor-element elementor-element-09b5724 elementor-widget elementor-widget-text-editor\" data-id=\"09b5724\" data-element_type=\"widget\" data-e-type=\"widget\" data-widget_type=\"text-editor.default\">\n\t\t\t\t<div class=\"elementor-widget-container\">\n\t\t\t\t\t\t\t\t\t<p>\u00a0Mit uns seid ihr beim Ausw\u00e4rtsspiel vom <span class=\"x7l2uk3 xt0e3qv\">@vfb_oldenburg<\/span> \ud83d\udc99\ud83e\udd0d dabei! \ud83d\ude90\ud83d\udca8<\/p><p>Es geht nach L\u00fcbeck zum <span class=\"x7l2uk3 xt0e3qv\">@1fc_phoenix_luebeck<\/span> .<\/p><p>\ud83c\udd7f\ufe0f Treffpunkt ist am P+R bei den Weser-Ems-Hallen an der Messestra\u00dfe. <br \/>\ud83d\udccd Treffuhrzeit ist um 09:45 Uhr <br \/>\ud83d\udd59 Abfahrt ist um 10:00 Uhr.<\/p><p>Meldet euch bis zum 08.08. bei uns und wir schicken euch das Anmeldeformular zu. \ud83d\udcdd<\/p><p>Es gilt wieder ein absolutes Alkohol- und Rauchverbot sowie auf f\u00fcr andere Drogen. Wir erwarten ein respektvolles Miteinander f\u00fcr eine gute gemeinsame Zeit. \u270c\ud83c\udffc<\/p><p><span class=\"x7l2uk3 xt0e3qv\">#u23<\/span> <br \/><span class=\"x7l2uk3 xt0e3qv\">#fu\u00dfballfansontour<\/span> <br \/><span class=\"x7l2uk3 xt0e3qv\">#fanprojektoldenburg<\/span> <span class=\"x7l2uk3 xt0e3qv\">#vfboldenburg<\/span> <br \/><span class=\"x7l2uk3 xt0e3qv\">#ph\u00f6nixl\u00fcbeck<\/span> <br \/><span class=\"x7l2uk3 xt0e3qv\">#regionalliganord<\/span> <span class=\"x7l2uk3 xt0e3qv\">#ohnealkohol<\/span> <span class=\"x7l2uk3 xt0e3qv\">#ohnenikotin<\/span> <span class=\"x7l2uk3 xt0e3qv\">#keinedrogen<\/span><\/p>\t\t\t\t\t\t\t\t<\/div>\n\t\t\t\t<\/div>\n\t\t\t\t<div class=\"elementor-element elementor-element-2877497 elementor-widget elementor-widget-dce-pdf-viewer\" data-id=\"2877497\" data-element_type=\"widget\" data-e-type=\"widget\" data-settings=\"{&quot;source_media&quot;:{&quot;url&quot;:&quot;https:\\\/\\\/fanprojekt-oldenburg.de\\\/wp-content\\\/uploads\\\/2020\\\/03\\\/U23-Phoenix-Luebeck.pdf&quot;,&quot;id&quot;:3497,&quot;size&quot;:&quot;&quot;,&quot;alt&quot;:&quot;&quot;,&quot;source&quot;:&quot;library&quot;},&quot;source&quot;:&quot;media_file&quot;,&quot;download_controls&quot;:&quot;yes&quot;,&quot;zoom&quot;:&quot;1&quot;}\" data-widget_type=\"dce-pdf-viewer.default\">\n\t\t\t\t<div class=\"elementor-widget-container\">\n\t\t\t\t\t\n\t\t\t\t<div class=\"dce-pdf-controls\">\n\t\t\t\n\t\t\t\n\t\t\t\t\t\t<div class=\"dce-pdf-download-controls\">\n\t\t\t<button class=\"dce-pdf-download\">Anmeldebogen downloaden<\/button>\n\t\t\t<\/div>\n\t\t\t\n\t\t\t\t\t<\/div>\n\t\t\n\t\t<div class=\"dce-pdf-canvas-container\">\n\t\t\t<canvas class=\"dce-pdf-renderer\"><\/canvas>\n\t\t<\/div>\n\t\t\t\t<\/div>\n\t\t\t\t<\/div>\n\t\t\t\t\t<\/div>\n\t\t<\/div>\n\t\t\t\t\t<\/div>\n\t\t<\/section>\n\t\t\t\t<section class=\"elementor-section elementor-top-section elementor-element elementor-element-1840e82 elementor-section-boxed elementor-section-height-default elementor-section-height-default\" data-id=\"1840e82\" data-element_type=\"section\" data-e-type=\"section\">\n\t\t\t\t\t\t<div class=\"elementor-container elementor-column-gap-default\">\n\t\t\t\t\t<div class=\"elementor-column elementor-col-100 elementor-top-column elementor-element elementor-element-c9b6fe8\" data-id=\"c9b6fe8\" data-element_type=\"column\" data-e-type=\"column\">\n\t\t\t<div class=\"elementor-widget-wrap\">\n\t\t\t\t\t\t\t<\/div>\n\t\t<\/div>\n\t\t\t\t\t<\/div>\n\t\t<\/section>\n\t\t\t\t<\/div>\n\t\t","protected":false},"excerpt":{"rendered":"<p>+++ Der 3. Spieltag +++ \u00a0Mit uns seid ihr beim Ausw\u00e4rtsspiel vom @vfb_oldenburg \ud83d\udc99\ud83e\udd0d dabei! \ud83d\ude90\ud83d\udca8 Es geht nach L\u00fcbeck zum @1fc_phoenix_luebeck . \ud83c\udd7f\ufe0f Treffpunkt ist am P+R bei den Weser-Ems-Hallen an der Messestra\u00dfe. \ud83d\udccd Treffuhrzeit ist um 09:45 Uhr \ud83d\udd59 Abfahrt ist um 10:00 Uhr. Meldet euch bis zum 08.08. bei uns und wir [&hellip;]<\/p>\n","protected":false},"author":5,"featured_media":3492,"comment_status":"open","ping_status":"open","sticky":false,"template":"","format":"standard","meta":{"_acf_changed":false,"footnotes":""},"categories":[10,9],"tags":[76,27,16,38,26,28],"class_list":["post-3485","post","type-post","status-publish","format-standard","has-post-thumbnail","hentry","category-aktion","category-news","tag-1-fc-phoenix-luebeck","tag-auswaertsspiel","tag-fanprojekt-oldenburg","tag-soziale-arbeit-mit-fussballfans","tag-u-23-fahrt","tag-vfb-oldenburg"],"acf":[],"yoast_head":"<!-- This site is optimized with the Yoast SEO plugin v27.5 - https:\/\/yoast.com\/product\/yoast-seo-wordpress\/ -->\n<title>U23-Fahrt nach L\u00fcbeck &#8212; Fanprojekt Oldenburg<\/title>\n<meta name=\"robots\" content=\"index, follow, max-snippet:-1, max-image-preview:large, max-video-preview:-1\" \/>\n<link rel=\"canonical\" href=\"https:\/\/fanprojekt-oldenburg.de\/?p=3485\" \/>\n<meta property=\"og:locale\" content=\"de_DE\" \/>\n<meta property=\"og:type\" content=\"article\" \/>\n<meta property=\"og:title\" content=\"U23-Fahrt nach L\u00fcbeck &#8212; Fanprojekt Oldenburg\" \/>\n<meta property=\"og:description\" content=\"+++ Der 3. Spieltag +++ \u00a0Mit uns seid ihr beim Ausw\u00e4rtsspiel vom @vfb_oldenburg \ud83d\udc99\ud83e\udd0d dabei! \ud83d\ude90\ud83d\udca8 Es geht nach L\u00fcbeck zum @1fc_phoenix_luebeck . \ud83c\udd7f\ufe0f Treffpunkt ist am P+R bei den Weser-Ems-Hallen an der Messestra\u00dfe. \ud83d\udccd Treffuhrzeit ist um 09:45 Uhr \ud83d\udd59 Abfahrt ist um 10:00 Uhr. Meldet euch bis zum 08.08. bei uns und wir [&hellip;]\" \/>\n<meta property=\"og:url\" content=\"https:\/\/fanprojekt-oldenburg.de\/?p=3485\" \/>\n<meta property=\"og:site_name\" content=\"Fanprojekt Oldenburg\" \/>\n<meta property=\"article:published_time\" content=\"2024-08-06T09:27:14+00:00\" \/>\n<meta property=\"article:modified_time\" content=\"2024-08-08T09:51:17+00:00\" \/>\n<meta property=\"og:image\" content=\"https:\/\/fanprojekt-oldenburg.de\/wp-content\/uploads\/2024\/08\/Phoenix-Luebeck-1.jpg\" \/>\n\t<meta property=\"og:image:width\" content=\"1080\" \/>\n\t<meta property=\"og:image:height\" content=\"1080\" \/>\n\t<meta property=\"og:image:type\" content=\"image\/jpeg\" \/>\n<meta name=\"author\" content=\"Svenja\" \/>\n<meta name=\"twitter:card\" content=\"summary_large_image\" \/>\n<meta name=\"twitter:label1\" content=\"Verfasst von\" \/>\n\t<meta name=\"twitter:data1\" content=\"Svenja\" \/>\n\t<meta name=\"twitter:label2\" content=\"Gesch\u00e4tzte Lesezeit\" \/>\n\t<meta name=\"twitter:data2\" content=\"1\u00a0Minute\" \/>\n<script type=\"application\/ld+json\" class=\"yoast-schema-graph\">{\"@context\":\"https:\\\/\\\/schema.org\",\"@graph\":[{\"@type\":\"Article\",\"@id\":\"https:\\\/\\\/fanprojekt-oldenburg.de\\\/?p=3485#article\",\"isPartOf\":{\"@id\":\"https:\\\/\\\/fanprojekt-oldenburg.de\\\/?p=3485\"},\"author\":{\"name\":\"Svenja\",\"@id\":\"https:\\\/\\\/fanprojekt-oldenburg.de\\\/#\\\/schema\\\/person\\\/d908e7ed93642952db2dac1ba1fcb541\"},\"headline\":\"U23-Fahrt nach L\u00fcbeck\",\"datePublished\":\"2024-08-06T09:27:14+00:00\",\"dateModified\":\"2024-08-08T09:51:17+00:00\",\"mainEntityOfPage\":{\"@id\":\"https:\\\/\\\/fanprojekt-oldenburg.de\\\/?p=3485\"},\"wordCount\":99,\"commentCount\":0,\"publisher\":{\"@id\":\"https:\\\/\\\/fanprojekt-oldenburg.de\\\/#organization\"},\"image\":{\"@id\":\"https:\\\/\\\/fanprojekt-oldenburg.de\\\/?p=3485#primaryimage\"},\"thumbnailUrl\":\"https:\\\/\\\/fanprojekt-oldenburg.de\\\/wp-content\\\/uploads\\\/2024\\\/08\\\/Phoenix-Luebeck-1.jpg\",\"keywords\":[\"1. FC Ph\u00f6nix L\u00fcbeck\",\"Ausw\u00e4rtsspiel\",\"Fanprojekt Oldenburg\",\"Soziale Arbeit mit Fu\u00dfballfans\",\"U-23-Fahrt\",\"VfB Oldenburg\"],\"articleSection\":[\"Aktion\",\"News\"],\"inLanguage\":\"de\",\"potentialAction\":[{\"@type\":\"CommentAction\",\"name\":\"Comment\",\"target\":[\"https:\\\/\\\/fanprojekt-oldenburg.de\\\/?p=3485#respond\"]}]},{\"@type\":\"WebPage\",\"@id\":\"https:\\\/\\\/fanprojekt-oldenburg.de\\\/?p=3485\",\"url\":\"https:\\\/\\\/fanprojekt-oldenburg.de\\\/?p=3485\",\"name\":\"U23-Fahrt nach L\u00fcbeck &#8212; Fanprojekt Oldenburg\",\"isPartOf\":{\"@id\":\"https:\\\/\\\/fanprojekt-oldenburg.de\\\/#website\"},\"primaryImageOfPage\":{\"@id\":\"https:\\\/\\\/fanprojekt-oldenburg.de\\\/?p=3485#primaryimage\"},\"image\":{\"@id\":\"https:\\\/\\\/fanprojekt-oldenburg.de\\\/?p=3485#primaryimage\"},\"thumbnailUrl\":\"https:\\\/\\\/fanprojekt-oldenburg.de\\\/wp-content\\\/uploads\\\/2024\\\/08\\\/Phoenix-Luebeck-1.jpg\",\"datePublished\":\"2024-08-06T09:27:14+00:00\",\"dateModified\":\"2024-08-08T09:51:17+00:00\",\"breadcrumb\":{\"@id\":\"https:\\\/\\\/fanprojekt-oldenburg.de\\\/?p=3485#breadcrumb\"},\"inLanguage\":\"de\",\"potentialAction\":[{\"@type\":\"ReadAction\",\"target\":[\"https:\\\/\\\/fanprojekt-oldenburg.de\\\/?p=3485\"]}]},{\"@type\":\"ImageObject\",\"inLanguage\":\"de\",\"@id\":\"https:\\\/\\\/fanprojekt-oldenburg.de\\\/?p=3485#primaryimage\",\"url\":\"https:\\\/\\\/fanprojekt-oldenburg.de\\\/wp-content\\\/uploads\\\/2024\\\/08\\\/Phoenix-Luebeck-1.jpg\",\"contentUrl\":\"https:\\\/\\\/fanprojekt-oldenburg.de\\\/wp-content\\\/uploads\\\/2024\\\/08\\\/Phoenix-Luebeck-1.jpg\",\"width\":1080,\"height\":1080},{\"@type\":\"BreadcrumbList\",\"@id\":\"https:\\\/\\\/fanprojekt-oldenburg.de\\\/?p=3485#breadcrumb\",\"itemListElement\":[{\"@type\":\"ListItem\",\"position\":1,\"name\":\"Startseite\",\"item\":\"https:\\\/\\\/fanprojekt-oldenburg.de\\\/\"},{\"@type\":\"ListItem\",\"position\":2,\"name\":\"U23-Fahrt nach L\u00fcbeck\"}]},{\"@type\":\"WebSite\",\"@id\":\"https:\\\/\\\/fanprojekt-oldenburg.de\\\/#website\",\"url\":\"https:\\\/\\\/fanprojekt-oldenburg.de\\\/\",\"name\":\"Fanprojekt Oldenburg\",\"description\":\"Soziale Arbeit mit Fu\u00dfballfans in Oldenburg\",\"publisher\":{\"@id\":\"https:\\\/\\\/fanprojekt-oldenburg.de\\\/#organization\"},\"potentialAction\":[{\"@type\":\"SearchAction\",\"target\":{\"@type\":\"EntryPoint\",\"urlTemplate\":\"https:\\\/\\\/fanprojekt-oldenburg.de\\\/?s={search_term_string}\"},\"query-input\":{\"@type\":\"PropertyValueSpecification\",\"valueRequired\":true,\"valueName\":\"search_term_string\"}}],\"inLanguage\":\"de\"},{\"@type\":\"Organization\",\"@id\":\"https:\\\/\\\/fanprojekt-oldenburg.de\\\/#organization\",\"name\":\"Fanprojekt Oldenburg\",\"url\":\"https:\\\/\\\/fanprojekt-oldenburg.de\\\/\",\"logo\":{\"@type\":\"ImageObject\",\"inLanguage\":\"de\",\"@id\":\"https:\\\/\\\/fanprojekt-oldenburg.de\\\/#\\\/schema\\\/logo\\\/image\\\/\",\"url\":\"https:\\\/\\\/fanprojekt-oldenburg.de\\\/wp-content\\\/uploads\\\/2020\\\/09\\\/apple-touch-icon.png\",\"contentUrl\":\"https:\\\/\\\/fanprojekt-oldenburg.de\\\/wp-content\\\/uploads\\\/2020\\\/09\\\/apple-touch-icon.png\",\"width\":512,\"height\":512,\"caption\":\"Fanprojekt Oldenburg\"},\"image\":{\"@id\":\"https:\\\/\\\/fanprojekt-oldenburg.de\\\/#\\\/schema\\\/logo\\\/image\\\/\"},\"sameAs\":[\"https:\\\/\\\/www.instagram.com\\\/fanprojekt_oldenburg\\\/\"]},{\"@type\":\"Person\",\"@id\":\"https:\\\/\\\/fanprojekt-oldenburg.de\\\/#\\\/schema\\\/person\\\/d908e7ed93642952db2dac1ba1fcb541\",\"name\":\"Svenja\"}]}<\/script>\n<!-- \/ Yoast SEO plugin. -->","yoast_head_json":{"title":"U23-Fahrt nach L\u00fcbeck &#8212; Fanprojekt Oldenburg","robots":{"index":"index","follow":"follow","max-snippet":"max-snippet:-1","max-image-preview":"max-image-preview:large","max-video-preview":"max-video-preview:-1"},"canonical":"https:\/\/fanprojekt-oldenburg.de\/?p=3485","og_locale":"de_DE","og_type":"article","og_title":"U23-Fahrt nach L\u00fcbeck &#8212; Fanprojekt Oldenburg","og_description":"+++ Der 3. Spieltag +++ \u00a0Mit uns seid ihr beim Ausw\u00e4rtsspiel vom @vfb_oldenburg \ud83d\udc99\ud83e\udd0d dabei! \ud83d\ude90\ud83d\udca8 Es geht nach L\u00fcbeck zum @1fc_phoenix_luebeck . \ud83c\udd7f\ufe0f Treffpunkt ist am P+R bei den Weser-Ems-Hallen an der Messestra\u00dfe. \ud83d\udccd Treffuhrzeit ist um 09:45 Uhr \ud83d\udd59 Abfahrt ist um 10:00 Uhr. Meldet euch bis zum 08.08. bei uns und wir [&hellip;]","og_url":"https:\/\/fanprojekt-oldenburg.de\/?p=3485","og_site_name":"Fanprojekt Oldenburg","article_published_time":"2024-08-06T09:27:14+00:00","article_modified_time":"2024-08-08T09:51:17+00:00","og_image":[{"width":1080,"height":1080,"url":"https:\/\/fanprojekt-oldenburg.de\/wp-content\/uploads\/2024\/08\/Phoenix-Luebeck-1.jpg","type":"image\/jpeg"}],"author":"Svenja","twitter_card":"summary_large_image","twitter_misc":{"Verfasst von":"Svenja","Gesch\u00e4tzte Lesezeit":"1\u00a0Minute"},"schema":{"@context":"https:\/\/schema.org","@graph":[{"@type":"Article","@id":"https:\/\/fanprojekt-oldenburg.de\/?p=3485#article","isPartOf":{"@id":"https:\/\/fanprojekt-oldenburg.de\/?p=3485"},"author":{"name":"Svenja","@id":"https:\/\/fanprojekt-oldenburg.de\/#\/schema\/person\/d908e7ed93642952db2dac1ba1fcb541"},"headline":"U23-Fahrt nach L\u00fcbeck","datePublished":"2024-08-06T09:27:14+00:00","dateModified":"2024-08-08T09:51:17+00:00","mainEntityOfPage":{"@id":"https:\/\/fanprojekt-oldenburg.de\/?p=3485"},"wordCount":99,"commentCount":0,"publisher":{"@id":"https:\/\/fanprojekt-oldenburg.de\/#organization"},"image":{"@id":"https:\/\/fanprojekt-oldenburg.de\/?p=3485#primaryimage"},"thumbnailUrl":"https:\/\/fanprojekt-oldenburg.de\/wp-content\/uploads\/2024\/08\/Phoenix-Luebeck-1.jpg","keywords":["1. FC Ph\u00f6nix L\u00fcbeck","Ausw\u00e4rtsspiel","Fanprojekt Oldenburg","Soziale Arbeit mit Fu\u00dfballfans","U-23-Fahrt","VfB Oldenburg"],"articleSection":["Aktion","News"],"inLanguage":"de","potentialAction":[{"@type":"CommentAction","name":"Comment","target":["https:\/\/fanprojekt-oldenburg.de\/?p=3485#respond"]}]},{"@type":"WebPage","@id":"https:\/\/fanprojekt-oldenburg.de\/?p=3485","url":"https:\/\/fanprojekt-oldenburg.de\/?p=3485","name":"U23-Fahrt nach L\u00fcbeck &#8212; Fanprojekt Oldenburg","isPartOf":{"@id":"https:\/\/fanprojekt-oldenburg.de\/#website"},"primaryImageOfPage":{"@id":"https:\/\/fanprojekt-oldenburg.de\/?p=3485#primaryimage"},"image":{"@id":"https:\/\/fanprojekt-oldenburg.de\/?p=3485#primaryimage"},"thumbnailUrl":"https:\/\/fanprojekt-oldenburg.de\/wp-content\/uploads\/2024\/08\/Phoenix-Luebeck-1.jpg","datePublished":"2024-08-06T09:27:14+00:00","dateModified":"2024-08-08T09:51:17+00:00","breadcrumb":{"@id":"https:\/\/fanprojekt-oldenburg.de\/?p=3485#breadcrumb"},"inLanguage":"de","potentialAction":[{"@type":"ReadAction","target":["https:\/\/fanprojekt-oldenburg.de\/?p=3485"]}]},{"@type":"ImageObject","inLanguage":"de","@id":"https:\/\/fanprojekt-oldenburg.de\/?p=3485#primaryimage","url":"https:\/\/fanprojekt-oldenburg.de\/wp-content\/uploads\/2024\/08\/Phoenix-Luebeck-1.jpg","contentUrl":"https:\/\/fanprojekt-oldenburg.de\/wp-content\/uploads\/2024\/08\/Phoenix-Luebeck-1.jpg","width":1080,"height":1080},{"@type":"BreadcrumbList","@id":"https:\/\/fanprojekt-oldenburg.de\/?p=3485#breadcrumb","itemListElement":[{"@type":"ListItem","position":1,"name":"Startseite","item":"https:\/\/fanprojekt-oldenburg.de\/"},{"@type":"ListItem","position":2,"name":"U23-Fahrt nach L\u00fcbeck"}]},{"@type":"WebSite","@id":"https:\/\/fanprojekt-oldenburg.de\/#website","url":"https:\/\/fanprojekt-oldenburg.de\/","name":"Fanprojekt Oldenburg","description":"Soziale Arbeit mit Fu\u00dfballfans in Oldenburg","publisher":{"@id":"https:\/\/fanprojekt-oldenburg.de\/#organization"},"potentialAction":[{"@type":"SearchAction","target":{"@type":"EntryPoint","urlTemplate":"https:\/\/fanprojekt-oldenburg.de\/?s={search_term_string}"},"query-input":{"@type":"PropertyValueSpecification","valueRequired":true,"valueName":"search_term_string"}}],"inLanguage":"de"},{"@type":"Organization","@id":"https:\/\/fanprojekt-oldenburg.de\/#organization","name":"Fanprojekt Oldenburg","url":"https:\/\/fanprojekt-oldenburg.de\/","logo":{"@type":"ImageObject","inLanguage":"de","@id":"https:\/\/fanprojekt-oldenburg.de\/#\/schema\/logo\/image\/","url":"https:\/\/fanprojekt-oldenburg.de\/wp-content\/uploads\/2020\/09\/apple-touch-icon.png","contentUrl":"https:\/\/fanprojekt-oldenburg.de\/wp-content\/uploads\/2020\/09\/apple-touch-icon.png","width":512,"height":512,"caption":"Fanprojekt Oldenburg"},"image":{"@id":"https:\/\/fanprojekt-oldenburg.de\/#\/schema\/logo\/image\/"},"sameAs":["https:\/\/www.instagram.com\/fanprojekt_oldenburg\/"]},{"@type":"Person","@id":"https:\/\/fanprojekt-oldenburg.de\/#\/schema\/person\/d908e7ed93642952db2dac1ba1fcb541","name":"Svenja"}]}},"_links":{"self":[{"href":"https:\/\/fanprojekt-oldenburg.de\/index.php?rest_route=\/wp\/v2\/posts\/3485","targetHints":{"allow":["GET"]}}],"collection":[{"href":"https:\/\/fanprojekt-oldenburg.de\/index.php?rest_route=\/wp\/v2\/posts"}],"about":[{"href":"https:\/\/fanprojekt-oldenburg.de\/index.php?rest_route=\/wp\/v2\/types\/post"}],"author":[{"embeddable":true,"href":"https:\/\/fanprojekt-oldenburg.de\/index.php?rest_route=\/wp\/v2\/users\/5"}],"replies":[{"embeddable":true,"href":"https:\/\/fanprojekt-oldenburg.de\/index.php?rest_route=%2Fwp%2Fv2%2Fcomments&post=3485"}],"version-history":[{"count":9,"href":"https:\/\/fanprojekt-oldenburg.de\/index.php?rest_route=\/wp\/v2\/posts\/3485\/revisions"}],"predecessor-version":[{"id":3506,"href":"https:\/\/fanprojekt-oldenburg.de\/index.php?rest_route=\/wp\/v2\/posts\/3485\/revisions\/3506"}],"wp:featuredmedia":[{"embeddable":true,"href":"https:\/\/fanprojekt-oldenburg.de\/index.php?rest_route=\/wp\/v2\/media\/3492"}],"wp:attachment":[{"href":"https:\/\/fanprojekt-oldenburg.de\/index.php?rest_route=%2Fwp%2Fv2%2Fmedia&parent=3485"}],"wp:term":[{"taxonomy":"category","embeddable":true,"href":"https:\/\/fanprojekt-oldenburg.de\/index.php?rest_route=%2Fwp%2Fv2%2Fcategories&post=3485"},{"taxonomy":"post_tag","embeddable":true,"href":"https:\/\/fanprojekt-oldenburg.de\/index.php?rest_route=%2Fwp%2Fv2%2Ftags&post=3485"}],"curies":[{"name":"wp","href":"https:\/\/api.w.org\/{rel}","templated":true}]}}