{"id":3333,"date":"2024-08-01T11:39:06","date_gmt":"2024-08-01T09:39:06","guid":{"rendered":"https:\/\/fanprojekt-oldenburg.de\/?p=3333"},"modified":"2024-08-06T12:14:31","modified_gmt":"2024-08-06T10:14:31","slug":"fussb","status":"publish","type":"post","link":"https:\/\/fanprojekt-oldenburg.de\/?p=3333","title":{"rendered":"Fu\u00dfball, Fankultur und Politik seit dem 07. Oktober in Israel"},"content":{"rendered":"\t\t<div data-elementor-type=\"wp-post\" data-elementor-id=\"3333\" class=\"elementor elementor-3333\" data-elementor-post-type=\"post\">\n\t\t\t\t\t\t<section class=\"elementor-section elementor-top-section elementor-element elementor-element-9064334 elementor-section-boxed elementor-section-height-default elementor-section-height-default\" data-id=\"9064334\" data-element_type=\"section\" data-e-type=\"section\">\n\t\t\t\t\t\t<div class=\"elementor-container elementor-column-gap-default\">\n\t\t\t\t\t<div class=\"elementor-column elementor-col-100 elementor-top-column elementor-element elementor-element-227e06b\" data-id=\"227e06b\" data-element_type=\"column\" data-e-type=\"column\">\n\t\t\t<div class=\"elementor-widget-wrap elementor-element-populated\">\n\t\t\t\t\t\t<div data-dce-text-color=\"#4E4C4C\" class=\"elementor-element elementor-element-d623cf3 elementor-widget elementor-widget-text-editor\" data-id=\"d623cf3\" data-element_type=\"widget\" data-e-type=\"widget\" data-widget_type=\"text-editor.default\">\n\t\t\t\t<div class=\"elementor-widget-container\">\n\t\t\t\t\t\t\t\t\t<p>Am Sonntag, 4. August, um 14 Uhr, bietet wir\u00a0in Kooperation mit dem Stadtmuseum Oldenburg einen Vortrag im PFL in der Peterstra\u00dfe 3 an.\u00a0<\/p><p>Der in Israel geborene Journalist Felix Tamsut und der Vorsitzende des israelischen BVB-Fanclubs Adam Lahav sprechen \u00fcber Fu\u00dfball, Fankultur und Politik seit dem 7. Oktober in Israel.<\/p><p>Nach dem Terrorangriff und dem anhaltenden Krieg mit der Hamas im Gazastreifen sind alle Lebensbereiche zum Stillstand gekommen. Das hat auch Auswirkungen auf den Fu\u00dfball und seine Fankultur. Felix Tamsut und Adam Lahav teilen ihre Erinnerungen an den 7. Oktober, diskutieren den Umgang der aktiven Fanszenen und beleuchten die Realit\u00e4ten der israelischen Fankultur.<\/p><p><br \/>Die Teilnahme an der Veranstaltung ist kostenlos.<\/p><p>Die Veranstaltung wird gef\u00f6rdert vom Bundesministerium des Innern und f\u00fcr Heimat\u00a0<a class=\"x1i10hfl xjbqb8w x1ejq31n xd10rxx x1sy0etr x17r0tee x972fbf xcfux6l x1qhh985 xm0m39n x9f619 x1ypdohk xt0psk2 xe8uvvx xdj266r x11i5rnm xat24cr x1mh8g0r xexx8yu x4uap5 x18d9i69 xkhd6sd x16tdsg8 x1hl2dhg xggy1nq x1a2a7pz notranslate _a6hd\" tabindex=\"0\" role=\"link\" href=\"https:\/\/www.instagram.com\/bmi_bund\/\">@bmi_bund<\/a>\u00a0aufgrund eines Beschlusses des Deutschen Bundestages.<\/p><p>_______________<br \/>Einlassvorbehalt: Die Veranstaltenden behalten sich vor, von ihrem Hausrecht Gebrauch zu machen und Personen, die rechtsextremen, v\u00f6lkischen Parteien oder Organisationen angeh\u00f6ren, der rechtsextremen, v\u00f6lkischen Szene zuzuordnen sind oder bereits in der Vergangenheit durch rassistische, nationalistische, antisemitische oder sonstige menschenverachtende \u00c4u\u00dferungen in Erscheinung getreten sind, den Zutritt zu der Veranstaltung verwehren oder von dieser auszuschlie\u00dfen. Jegliche Film- und Ton- und\/oder Videoaufnahmen sind nicht erlaubt.<\/p>\t\t\t\t\t\t\t\t<\/div>\n\t\t\t\t<\/div>\n\t\t\t\t<div class=\"elementor-element elementor-element-8909eee dce_masking-none elementor-widget elementor-widget-image\" data-id=\"8909eee\" data-element_type=\"widget\" data-e-type=\"widget\" data-widget_type=\"image.default\">\n\t\t\t\t<div class=\"elementor-widget-container\">\n\t\t\t\t\t\t\t\t\t\t\t\t\t\t\t<img fetchpriority=\"high\" decoding=\"async\" width=\"1024\" height=\"1024\" src=\"https:\/\/fanprojekt-oldenburg.de\/wp-content\/uploads\/2024\/08\/Beitragsbild-1024x1024.jpg\" class=\"attachment-large size-large wp-image-3334\" alt=\"\" srcset=\"https:\/\/fanprojekt-oldenburg.de\/wp-content\/uploads\/2024\/08\/Beitragsbild-1024x1024.jpg 1024w, https:\/\/fanprojekt-oldenburg.de\/wp-content\/uploads\/2024\/08\/Beitragsbild-300x300.jpg 300w, https:\/\/fanprojekt-oldenburg.de\/wp-content\/uploads\/2024\/08\/Beitragsbild-150x150.jpg 150w, https:\/\/fanprojekt-oldenburg.de\/wp-content\/uploads\/2024\/08\/Beitragsbild-768x767.jpg 768w, https:\/\/fanprojekt-oldenburg.de\/wp-content\/uploads\/2024\/08\/Beitragsbild.jpg 1027w\" sizes=\"(max-width: 1024px) 100vw, 1024px\" \/>\t\t\t\t\t\t\t\t\t\t\t\t\t\t\t<\/div>\n\t\t\t\t<\/div>\n\t\t\t\t\t<\/div>\n\t\t<\/div>\n\t\t\t\t\t<\/div>\n\t\t<\/section>\n\t\t\t\t<\/div>\n\t\t","protected":false},"excerpt":{"rendered":"<p>Am Sonntag, 4. August, um 14 Uhr, bietet wir\u00a0in Kooperation mit dem Stadtmuseum Oldenburg einen Vortrag im PFL in der Peterstra\u00dfe 3 an.\u00a0 Der in Israel geborene Journalist Felix Tamsut und der Vorsitzende des israelischen BVB-Fanclubs Adam Lahav sprechen \u00fcber Fu\u00dfball, Fankultur und Politik seit dem 7. Oktober in Israel. Nach dem Terrorangriff und dem [&hellip;]<\/p>\n","protected":false},"author":5,"featured_media":3334,"comment_status":"open","ping_status":"open","sticky":false,"template":"","format":"standard","meta":{"_acf_changed":false,"footnotes":""},"categories":[1,9],"tags":[124,16,125,37,38],"class_list":["post-3333","post","type-post","status-publish","format-standard","has-post-thumbnail","hentry","category-allgemein","category-news","tag-bildungsarbeit","tag-fanprojekt-oldenburg","tag-fussballfankultur-in-israel","tag-offene-jugendarbeit","tag-soziale-arbeit-mit-fussballfans"],"acf":[],"yoast_head":"<!-- This site is optimized with the Yoast SEO plugin v27.5 - https:\/\/yoast.com\/product\/yoast-seo-wordpress\/ -->\n<title>Fu\u00dfball, Fankultur und Politik seit dem 07. Oktober in Israel &#8212; Fanprojekt Oldenburg<\/title>\n<meta name=\"robots\" content=\"index, follow, max-snippet:-1, max-image-preview:large, max-video-preview:-1\" \/>\n<link rel=\"canonical\" href=\"https:\/\/fanprojekt-oldenburg.de\/?p=3333\" \/>\n<meta property=\"og:locale\" content=\"de_DE\" \/>\n<meta property=\"og:type\" content=\"article\" \/>\n<meta property=\"og:title\" content=\"Fu\u00dfball, Fankultur und Politik seit dem 07. Oktober in Israel &#8212; Fanprojekt Oldenburg\" \/>\n<meta property=\"og:description\" content=\"Am Sonntag, 4. August, um 14 Uhr, bietet wir\u00a0in Kooperation mit dem Stadtmuseum Oldenburg einen Vortrag im PFL in der Peterstra\u00dfe 3 an.\u00a0 Der in Israel geborene Journalist Felix Tamsut und der Vorsitzende des israelischen BVB-Fanclubs Adam Lahav sprechen \u00fcber Fu\u00dfball, Fankultur und Politik seit dem 7. Oktober in Israel. Nach dem Terrorangriff und dem [&hellip;]\" \/>\n<meta property=\"og:url\" content=\"https:\/\/fanprojekt-oldenburg.de\/?p=3333\" \/>\n<meta property=\"og:site_name\" content=\"Fanprojekt Oldenburg\" \/>\n<meta property=\"article:published_time\" content=\"2024-08-01T09:39:06+00:00\" \/>\n<meta property=\"article:modified_time\" content=\"2024-08-06T10:14:31+00:00\" \/>\n<meta property=\"og:image\" content=\"https:\/\/fanprojekt-oldenburg.de\/wp-content\/uploads\/2024\/08\/Beitragsbild.jpg\" \/>\n\t<meta property=\"og:image:width\" content=\"1027\" \/>\n\t<meta property=\"og:image:height\" content=\"1026\" \/>\n\t<meta property=\"og:image:type\" content=\"image\/jpeg\" \/>\n<meta name=\"author\" content=\"Svenja\" \/>\n<meta name=\"twitter:card\" content=\"summary_large_image\" \/>\n<meta name=\"twitter:label1\" content=\"Verfasst von\" \/>\n\t<meta name=\"twitter:data1\" content=\"Svenja\" \/>\n\t<meta name=\"twitter:label2\" content=\"Gesch\u00e4tzte Lesezeit\" \/>\n\t<meta name=\"twitter:data2\" content=\"2\u00a0Minuten\" \/>\n<script type=\"application\/ld+json\" class=\"yoast-schema-graph\">{\"@context\":\"https:\\\/\\\/schema.org\",\"@graph\":[{\"@type\":\"Article\",\"@id\":\"https:\\\/\\\/fanprojekt-oldenburg.de\\\/?p=3333#article\",\"isPartOf\":{\"@id\":\"https:\\\/\\\/fanprojekt-oldenburg.de\\\/?p=3333\"},\"author\":{\"name\":\"Svenja\",\"@id\":\"https:\\\/\\\/fanprojekt-oldenburg.de\\\/#\\\/schema\\\/person\\\/d908e7ed93642952db2dac1ba1fcb541\"},\"headline\":\"Fu\u00dfball, Fankultur und Politik seit dem 07. Oktober in Israel\",\"datePublished\":\"2024-08-01T09:39:06+00:00\",\"dateModified\":\"2024-08-06T10:14:31+00:00\",\"mainEntityOfPage\":{\"@id\":\"https:\\\/\\\/fanprojekt-oldenburg.de\\\/?p=3333\"},\"wordCount\":210,\"commentCount\":0,\"publisher\":{\"@id\":\"https:\\\/\\\/fanprojekt-oldenburg.de\\\/#organization\"},\"image\":{\"@id\":\"https:\\\/\\\/fanprojekt-oldenburg.de\\\/?p=3333#primaryimage\"},\"thumbnailUrl\":\"https:\\\/\\\/fanprojekt-oldenburg.de\\\/wp-content\\\/uploads\\\/2024\\\/08\\\/Beitragsbild.jpg\",\"keywords\":[\"Bildungsarbeit\",\"Fanprojekt Oldenburg\",\"Fu\u00dfballfankultur in Israel\",\"Offene Jugendarbeit\",\"Soziale Arbeit mit Fu\u00dfballfans\"],\"articleSection\":{\"1\":\"News\"},\"inLanguage\":\"de\",\"potentialAction\":[{\"@type\":\"CommentAction\",\"name\":\"Comment\",\"target\":[\"https:\\\/\\\/fanprojekt-oldenburg.de\\\/?p=3333#respond\"]}]},{\"@type\":\"WebPage\",\"@id\":\"https:\\\/\\\/fanprojekt-oldenburg.de\\\/?p=3333\",\"url\":\"https:\\\/\\\/fanprojekt-oldenburg.de\\\/?p=3333\",\"name\":\"Fu\u00dfball, Fankultur und Politik seit dem 07. Oktober in Israel &#8212; Fanprojekt Oldenburg\",\"isPartOf\":{\"@id\":\"https:\\\/\\\/fanprojekt-oldenburg.de\\\/#website\"},\"primaryImageOfPage\":{\"@id\":\"https:\\\/\\\/fanprojekt-oldenburg.de\\\/?p=3333#primaryimage\"},\"image\":{\"@id\":\"https:\\\/\\\/fanprojekt-oldenburg.de\\\/?p=3333#primaryimage\"},\"thumbnailUrl\":\"https:\\\/\\\/fanprojekt-oldenburg.de\\\/wp-content\\\/uploads\\\/2024\\\/08\\\/Beitragsbild.jpg\",\"datePublished\":\"2024-08-01T09:39:06+00:00\",\"dateModified\":\"2024-08-06T10:14:31+00:00\",\"breadcrumb\":{\"@id\":\"https:\\\/\\\/fanprojekt-oldenburg.de\\\/?p=3333#breadcrumb\"},\"inLanguage\":\"de\",\"potentialAction\":[{\"@type\":\"ReadAction\",\"target\":[\"https:\\\/\\\/fanprojekt-oldenburg.de\\\/?p=3333\"]}]},{\"@type\":\"ImageObject\",\"inLanguage\":\"de\",\"@id\":\"https:\\\/\\\/fanprojekt-oldenburg.de\\\/?p=3333#primaryimage\",\"url\":\"https:\\\/\\\/fanprojekt-oldenburg.de\\\/wp-content\\\/uploads\\\/2024\\\/08\\\/Beitragsbild.jpg\",\"contentUrl\":\"https:\\\/\\\/fanprojekt-oldenburg.de\\\/wp-content\\\/uploads\\\/2024\\\/08\\\/Beitragsbild.jpg\",\"width\":1027,\"height\":1026},{\"@type\":\"BreadcrumbList\",\"@id\":\"https:\\\/\\\/fanprojekt-oldenburg.de\\\/?p=3333#breadcrumb\",\"itemListElement\":[{\"@type\":\"ListItem\",\"position\":1,\"name\":\"Startseite\",\"item\":\"https:\\\/\\\/fanprojekt-oldenburg.de\\\/\"},{\"@type\":\"ListItem\",\"position\":2,\"name\":\"Fu\u00dfball, Fankultur und Politik seit dem 07. Oktober in Israel\"}]},{\"@type\":\"WebSite\",\"@id\":\"https:\\\/\\\/fanprojekt-oldenburg.de\\\/#website\",\"url\":\"https:\\\/\\\/fanprojekt-oldenburg.de\\\/\",\"name\":\"Fanprojekt Oldenburg\",\"description\":\"Soziale Arbeit mit Fu\u00dfballfans in Oldenburg\",\"publisher\":{\"@id\":\"https:\\\/\\\/fanprojekt-oldenburg.de\\\/#organization\"},\"potentialAction\":[{\"@type\":\"SearchAction\",\"target\":{\"@type\":\"EntryPoint\",\"urlTemplate\":\"https:\\\/\\\/fanprojekt-oldenburg.de\\\/?s={search_term_string}\"},\"query-input\":{\"@type\":\"PropertyValueSpecification\",\"valueRequired\":true,\"valueName\":\"search_term_string\"}}],\"inLanguage\":\"de\"},{\"@type\":\"Organization\",\"@id\":\"https:\\\/\\\/fanprojekt-oldenburg.de\\\/#organization\",\"name\":\"Fanprojekt Oldenburg\",\"url\":\"https:\\\/\\\/fanprojekt-oldenburg.de\\\/\",\"logo\":{\"@type\":\"ImageObject\",\"inLanguage\":\"de\",\"@id\":\"https:\\\/\\\/fanprojekt-oldenburg.de\\\/#\\\/schema\\\/logo\\\/image\\\/\",\"url\":\"https:\\\/\\\/fanprojekt-oldenburg.de\\\/wp-content\\\/uploads\\\/2020\\\/09\\\/apple-touch-icon.png\",\"contentUrl\":\"https:\\\/\\\/fanprojekt-oldenburg.de\\\/wp-content\\\/uploads\\\/2020\\\/09\\\/apple-touch-icon.png\",\"width\":512,\"height\":512,\"caption\":\"Fanprojekt Oldenburg\"},\"image\":{\"@id\":\"https:\\\/\\\/fanprojekt-oldenburg.de\\\/#\\\/schema\\\/logo\\\/image\\\/\"},\"sameAs\":[\"https:\\\/\\\/www.instagram.com\\\/fanprojekt_oldenburg\\\/\"]},{\"@type\":\"Person\",\"@id\":\"https:\\\/\\\/fanprojekt-oldenburg.de\\\/#\\\/schema\\\/person\\\/d908e7ed93642952db2dac1ba1fcb541\",\"name\":\"Svenja\"}]}<\/script>\n<!-- \/ Yoast SEO plugin. -->","yoast_head_json":{"title":"Fu\u00dfball, Fankultur und Politik seit dem 07. Oktober in Israel &#8212; Fanprojekt Oldenburg","robots":{"index":"index","follow":"follow","max-snippet":"max-snippet:-1","max-image-preview":"max-image-preview:large","max-video-preview":"max-video-preview:-1"},"canonical":"https:\/\/fanprojekt-oldenburg.de\/?p=3333","og_locale":"de_DE","og_type":"article","og_title":"Fu\u00dfball, Fankultur und Politik seit dem 07. Oktober in Israel &#8212; Fanprojekt Oldenburg","og_description":"Am Sonntag, 4. August, um 14 Uhr, bietet wir\u00a0in Kooperation mit dem Stadtmuseum Oldenburg einen Vortrag im PFL in der Peterstra\u00dfe 3 an.\u00a0 Der in Israel geborene Journalist Felix Tamsut und der Vorsitzende des israelischen BVB-Fanclubs Adam Lahav sprechen \u00fcber Fu\u00dfball, Fankultur und Politik seit dem 7. Oktober in Israel. Nach dem Terrorangriff und dem [&hellip;]","og_url":"https:\/\/fanprojekt-oldenburg.de\/?p=3333","og_site_name":"Fanprojekt Oldenburg","article_published_time":"2024-08-01T09:39:06+00:00","article_modified_time":"2024-08-06T10:14:31+00:00","og_image":[{"width":1027,"height":1026,"url":"https:\/\/fanprojekt-oldenburg.de\/wp-content\/uploads\/2024\/08\/Beitragsbild.jpg","type":"image\/jpeg"}],"author":"Svenja","twitter_card":"summary_large_image","twitter_misc":{"Verfasst von":"Svenja","Gesch\u00e4tzte Lesezeit":"2\u00a0Minuten"},"schema":{"@context":"https:\/\/schema.org","@graph":[{"@type":"Article","@id":"https:\/\/fanprojekt-oldenburg.de\/?p=3333#article","isPartOf":{"@id":"https:\/\/fanprojekt-oldenburg.de\/?p=3333"},"author":{"name":"Svenja","@id":"https:\/\/fanprojekt-oldenburg.de\/#\/schema\/person\/d908e7ed93642952db2dac1ba1fcb541"},"headline":"Fu\u00dfball, Fankultur und Politik seit dem 07. Oktober in Israel","datePublished":"2024-08-01T09:39:06+00:00","dateModified":"2024-08-06T10:14:31+00:00","mainEntityOfPage":{"@id":"https:\/\/fanprojekt-oldenburg.de\/?p=3333"},"wordCount":210,"commentCount":0,"publisher":{"@id":"https:\/\/fanprojekt-oldenburg.de\/#organization"},"image":{"@id":"https:\/\/fanprojekt-oldenburg.de\/?p=3333#primaryimage"},"thumbnailUrl":"https:\/\/fanprojekt-oldenburg.de\/wp-content\/uploads\/2024\/08\/Beitragsbild.jpg","keywords":["Bildungsarbeit","Fanprojekt Oldenburg","Fu\u00dfballfankultur in Israel","Offene Jugendarbeit","Soziale Arbeit mit Fu\u00dfballfans"],"articleSection":{"1":"News"},"inLanguage":"de","potentialAction":[{"@type":"CommentAction","name":"Comment","target":["https:\/\/fanprojekt-oldenburg.de\/?p=3333#respond"]}]},{"@type":"WebPage","@id":"https:\/\/fanprojekt-oldenburg.de\/?p=3333","url":"https:\/\/fanprojekt-oldenburg.de\/?p=3333","name":"Fu\u00dfball, Fankultur und Politik seit dem 07. Oktober in Israel &#8212; Fanprojekt Oldenburg","isPartOf":{"@id":"https:\/\/fanprojekt-oldenburg.de\/#website"},"primaryImageOfPage":{"@id":"https:\/\/fanprojekt-oldenburg.de\/?p=3333#primaryimage"},"image":{"@id":"https:\/\/fanprojekt-oldenburg.de\/?p=3333#primaryimage"},"thumbnailUrl":"https:\/\/fanprojekt-oldenburg.de\/wp-content\/uploads\/2024\/08\/Beitragsbild.jpg","datePublished":"2024-08-01T09:39:06+00:00","dateModified":"2024-08-06T10:14:31+00:00","breadcrumb":{"@id":"https:\/\/fanprojekt-oldenburg.de\/?p=3333#breadcrumb"},"inLanguage":"de","potentialAction":[{"@type":"ReadAction","target":["https:\/\/fanprojekt-oldenburg.de\/?p=3333"]}]},{"@type":"ImageObject","inLanguage":"de","@id":"https:\/\/fanprojekt-oldenburg.de\/?p=3333#primaryimage","url":"https:\/\/fanprojekt-oldenburg.de\/wp-content\/uploads\/2024\/08\/Beitragsbild.jpg","contentUrl":"https:\/\/fanprojekt-oldenburg.de\/wp-content\/uploads\/2024\/08\/Beitragsbild.jpg","width":1027,"height":1026},{"@type":"BreadcrumbList","@id":"https:\/\/fanprojekt-oldenburg.de\/?p=3333#breadcrumb","itemListElement":[{"@type":"ListItem","position":1,"name":"Startseite","item":"https:\/\/fanprojekt-oldenburg.de\/"},{"@type":"ListItem","position":2,"name":"Fu\u00dfball, Fankultur und Politik seit dem 07. Oktober in Israel"}]},{"@type":"WebSite","@id":"https:\/\/fanprojekt-oldenburg.de\/#website","url":"https:\/\/fanprojekt-oldenburg.de\/","name":"Fanprojekt Oldenburg","description":"Soziale Arbeit mit Fu\u00dfballfans in Oldenburg","publisher":{"@id":"https:\/\/fanprojekt-oldenburg.de\/#organization"},"potentialAction":[{"@type":"SearchAction","target":{"@type":"EntryPoint","urlTemplate":"https:\/\/fanprojekt-oldenburg.de\/?s={search_term_string}"},"query-input":{"@type":"PropertyValueSpecification","valueRequired":true,"valueName":"search_term_string"}}],"inLanguage":"de"},{"@type":"Organization","@id":"https:\/\/fanprojekt-oldenburg.de\/#organization","name":"Fanprojekt Oldenburg","url":"https:\/\/fanprojekt-oldenburg.de\/","logo":{"@type":"ImageObject","inLanguage":"de","@id":"https:\/\/fanprojekt-oldenburg.de\/#\/schema\/logo\/image\/","url":"https:\/\/fanprojekt-oldenburg.de\/wp-content\/uploads\/2020\/09\/apple-touch-icon.png","contentUrl":"https:\/\/fanprojekt-oldenburg.de\/wp-content\/uploads\/2020\/09\/apple-touch-icon.png","width":512,"height":512,"caption":"Fanprojekt Oldenburg"},"image":{"@id":"https:\/\/fanprojekt-oldenburg.de\/#\/schema\/logo\/image\/"},"sameAs":["https:\/\/www.instagram.com\/fanprojekt_oldenburg\/"]},{"@type":"Person","@id":"https:\/\/fanprojekt-oldenburg.de\/#\/schema\/person\/d908e7ed93642952db2dac1ba1fcb541","name":"Svenja"}]}},"_links":{"self":[{"href":"https:\/\/fanprojekt-oldenburg.de\/index.php?rest_route=\/wp\/v2\/posts\/3333","targetHints":{"allow":["GET"]}}],"collection":[{"href":"https:\/\/fanprojekt-oldenburg.de\/index.php?rest_route=\/wp\/v2\/posts"}],"about":[{"href":"https:\/\/fanprojekt-oldenburg.de\/index.php?rest_route=\/wp\/v2\/types\/post"}],"author":[{"embeddable":true,"href":"https:\/\/fanprojekt-oldenburg.de\/index.php?rest_route=\/wp\/v2\/users\/5"}],"replies":[{"embeddable":true,"href":"https:\/\/fanprojekt-oldenburg.de\/index.php?rest_route=%2Fwp%2Fv2%2Fcomments&post=3333"}],"version-history":[{"count":16,"href":"https:\/\/fanprojekt-oldenburg.de\/index.php?rest_route=\/wp\/v2\/posts\/3333\/revisions"}],"predecessor-version":[{"id":3422,"href":"https:\/\/fanprojekt-oldenburg.de\/index.php?rest_route=\/wp\/v2\/posts\/3333\/revisions\/3422"}],"wp:featuredmedia":[{"embeddable":true,"href":"https:\/\/fanprojekt-oldenburg.de\/index.php?rest_route=\/wp\/v2\/media\/3334"}],"wp:attachment":[{"href":"https:\/\/fanprojekt-oldenburg.de\/index.php?rest_route=%2Fwp%2Fv2%2Fmedia&parent=3333"}],"wp:term":[{"taxonomy":"category","embeddable":true,"href":"https:\/\/fanprojekt-oldenburg.de\/index.php?rest_route=%2Fwp%2Fv2%2Fcategories&post=3333"},{"taxonomy":"post_tag","embeddable":true,"href":"https:\/\/fanprojekt-oldenburg.de\/index.php?rest_route=%2Fwp%2Fv2%2Ftags&post=3333"}],"curies":[{"name":"wp","href":"https:\/\/api.w.org\/{rel}","templated":true}]}}