{"id":3254,"date":"2024-06-03T17:26:43","date_gmt":"2024-06-03T15:26:43","guid":{"rendered":"https:\/\/fanprojekt-oldenburg.de\/?p=3254"},"modified":"2024-06-03T17:29:54","modified_gmt":"2024-06-03T15:29:54","slug":"elementor-3254","status":"publish","type":"post","link":"https:\/\/fanprojekt-oldenburg.de\/?p=3254","title":{"rendered":"Monatsprogramm Juni"},"content":{"rendered":"\t\t<div data-elementor-type=\"wp-post\" data-elementor-id=\"3254\" class=\"elementor elementor-3254\" data-elementor-post-type=\"post\">\n\t\t\t\t\t\t<section class=\"elementor-section elementor-top-section elementor-element elementor-element-36f50ca elementor-section-boxed elementor-section-height-default elementor-section-height-default\" data-id=\"36f50ca\" data-element_type=\"section\" data-e-type=\"section\">\n\t\t\t\t\t\t<div class=\"elementor-container elementor-column-gap-default\">\n\t\t\t\t\t<div class=\"elementor-column elementor-col-100 elementor-top-column elementor-element elementor-element-4402e6a\" data-id=\"4402e6a\" data-element_type=\"column\" data-e-type=\"column\">\n\t\t\t<div class=\"elementor-widget-wrap elementor-element-populated\">\n\t\t\t\t\t\t<div class=\"elementor-element elementor-element-8aee6da elementor-widget elementor-widget-heading\" data-id=\"8aee6da\" data-element_type=\"widget\" data-e-type=\"widget\" data-widget_type=\"heading.default\">\n\t\t\t\t<div class=\"elementor-widget-container\">\n\t\t\t\t\t<h2 class=\"elementor-heading-title elementor-size-default\">+++ Start der Festivalsaison +++<\/h2>\t\t\t\t<\/div>\n\t\t\t\t<\/div>\n\t\t\t\t\t<\/div>\n\t\t<\/div>\n\t\t\t\t\t<\/div>\n\t\t<\/section>\n\t\t\t\t<section class=\"elementor-section elementor-top-section elementor-element elementor-element-425bdd8 elementor-section-boxed elementor-section-height-default elementor-section-height-default\" data-id=\"425bdd8\" data-element_type=\"section\" data-e-type=\"section\">\n\t\t\t\t\t\t<div class=\"elementor-container elementor-column-gap-default\">\n\t\t\t\t\t<div class=\"elementor-column elementor-col-100 elementor-top-column elementor-element elementor-element-26c87cc\" data-id=\"26c87cc\" data-element_type=\"column\" data-e-type=\"column\">\n\t\t\t<div class=\"elementor-widget-wrap elementor-element-populated\">\n\t\t\t\t\t\t<div class=\"elementor-element elementor-element-92fa598 elementor-widget elementor-widget-text-editor\" data-id=\"92fa598\" data-element_type=\"widget\" data-e-type=\"widget\" data-widget_type=\"text-editor.default\">\n\t\t\t\t<div class=\"elementor-widget-container\">\n\t\t\t\t\t\t\t\t\t<p>Die Saison ist vorbei und das Festival beginnt: <br \/>Wir sind super aufgeregt \ud83e\udd29, dass das @gegengeradefest mit uns zum 4. Mal an den Start geht &#8211; und dieses Jahr auch endlich wieder im Marschwegstadion! \ud83e\udd73\ud83c\udfdf<\/p><p>Auf der ersten Seite seht ihr einen kleinen Ausschnitt aus dem gesamten Programm, bestehend aus vielen Filmen \ud83c\udfac, spannenden Vortr\u00e4gen und Lesungen \ud83d\udde3, Diskussionen mit hohen G\u00e4sten \ud83d\udcaf und Workshops, die f\u00fcr jeden Fu\u00dfballfan ein Muss sind! \ud83d\udc69\u200d\ud83c\udfa8\ud83d\udc68\u200d\u2696\ufe0f<\/p>\t\t\t\t\t\t\t\t<\/div>\n\t\t\t\t<\/div>\n\t\t\t\t\t<\/div>\n\t\t<\/div>\n\t\t\t\t\t<\/div>\n\t\t<\/section>\n\t\t\t\t<section class=\"elementor-section elementor-top-section elementor-element elementor-element-3099f0d elementor-section-boxed elementor-section-height-default elementor-section-height-default\" data-id=\"3099f0d\" data-element_type=\"section\" data-e-type=\"section\">\n\t\t\t\t\t\t<div class=\"elementor-container elementor-column-gap-default\">\n\t\t\t\t\t<div class=\"elementor-column elementor-col-100 elementor-top-column elementor-element elementor-element-800e92f\" data-id=\"800e92f\" data-element_type=\"column\" data-e-type=\"column\">\n\t\t\t<div class=\"elementor-widget-wrap elementor-element-populated\">\n\t\t\t\t\t\t<div class=\"elementor-element elementor-element-caf6fb9 dce_masking-none elementor-widget elementor-widget-image\" data-id=\"caf6fb9\" data-element_type=\"widget\" data-e-type=\"widget\" data-widget_type=\"image.default\">\n\t\t\t\t<div class=\"elementor-widget-container\">\n\t\t\t\t\t\t\t\t\t\t\t\t\t\t\t<img fetchpriority=\"high\" decoding=\"async\" width=\"1024\" height=\"1024\" src=\"https:\/\/fanprojekt-oldenburg.de\/wp-content\/uploads\/2024\/06\/Juni-1-1024x1024.jpg\" class=\"attachment-large size-large wp-image-3256\" alt=\"\" srcset=\"https:\/\/fanprojekt-oldenburg.de\/wp-content\/uploads\/2024\/06\/Juni-1-1024x1024.jpg 1024w, https:\/\/fanprojekt-oldenburg.de\/wp-content\/uploads\/2024\/06\/Juni-1-300x300.jpg 300w, https:\/\/fanprojekt-oldenburg.de\/wp-content\/uploads\/2024\/06\/Juni-1-150x150.jpg 150w, https:\/\/fanprojekt-oldenburg.de\/wp-content\/uploads\/2024\/06\/Juni-1-768x768.jpg 768w, https:\/\/fanprojekt-oldenburg.de\/wp-content\/uploads\/2024\/06\/Juni-1.jpg 1080w\" sizes=\"(max-width: 1024px) 100vw, 1024px\" \/>\t\t\t\t\t\t\t\t\t\t\t\t\t\t\t<\/div>\n\t\t\t\t<\/div>\n\t\t\t\t\t<\/div>\n\t\t<\/div>\n\t\t\t\t\t<\/div>\n\t\t<\/section>\n\t\t\t\t<section class=\"elementor-section elementor-top-section elementor-element elementor-element-7d5d5a9 elementor-section-boxed elementor-section-height-default elementor-section-height-default\" data-id=\"7d5d5a9\" data-element_type=\"section\" data-e-type=\"section\">\n\t\t\t\t\t\t<div class=\"elementor-container elementor-column-gap-default\">\n\t\t\t\t\t<div class=\"elementor-column elementor-col-100 elementor-top-column elementor-element elementor-element-82443af\" data-id=\"82443af\" data-element_type=\"column\" data-e-type=\"column\">\n\t\t\t<div class=\"elementor-widget-wrap elementor-element-populated\">\n\t\t\t\t\t\t<div class=\"elementor-element elementor-element-026152b elementor-widget elementor-widget-text-editor\" data-id=\"026152b\" data-element_type=\"widget\" data-e-type=\"widget\" data-widget_type=\"text-editor.default\">\n\t\t\t\t<div class=\"elementor-widget-container\">\n\t\t\t\t\t\t\t\t\t<p>Daneben findet unser normaler Alltag mit dem Fu\u00dfballtreff \u26bd am Montag sowie dem Offenen Treff \ud83c\udfaf am Mittwoch (au\u00dfer am 19.06.).<\/p><p>Und nat\u00fcrlich starten auch die Testspiele des VfBs! Im Juni geht\u2019s direkt mit einem Turnier in Sandkrug los \ud83c\udfc6\ud83d\ude0e<\/p><p>Wir freuen uns auf ein gro\u00dfartiges Festival, um damit geb\u00fchrend in die Ferien-, Festival- und Sommerzeit einzul\u00e4uten.<\/p>\t\t\t\t\t\t\t\t<\/div>\n\t\t\t\t<\/div>\n\t\t\t\t<div class=\"elementor-element elementor-element-837f120 dce_masking-none elementor-widget elementor-widget-image\" data-id=\"837f120\" data-element_type=\"widget\" data-e-type=\"widget\" data-widget_type=\"image.default\">\n\t\t\t\t<div class=\"elementor-widget-container\">\n\t\t\t\t\t\t\t\t\t\t\t\t\t\t\t<img decoding=\"async\" width=\"1024\" height=\"1024\" src=\"https:\/\/fanprojekt-oldenburg.de\/wp-content\/uploads\/2024\/06\/Juni-2-1024x1024.jpg\" class=\"attachment-large size-large wp-image-3257\" alt=\"\" srcset=\"https:\/\/fanprojekt-oldenburg.de\/wp-content\/uploads\/2024\/06\/Juni-2-1024x1024.jpg 1024w, https:\/\/fanprojekt-oldenburg.de\/wp-content\/uploads\/2024\/06\/Juni-2-300x300.jpg 300w, https:\/\/fanprojekt-oldenburg.de\/wp-content\/uploads\/2024\/06\/Juni-2-150x150.jpg 150w, https:\/\/fanprojekt-oldenburg.de\/wp-content\/uploads\/2024\/06\/Juni-2-768x768.jpg 768w, https:\/\/fanprojekt-oldenburg.de\/wp-content\/uploads\/2024\/06\/Juni-2.jpg 1080w\" sizes=\"(max-width: 1024px) 100vw, 1024px\" \/>\t\t\t\t\t\t\t\t\t\t\t\t\t\t\t<\/div>\n\t\t\t\t<\/div>\n\t\t\t\t\t<\/div>\n\t\t<\/div>\n\t\t\t\t\t<\/div>\n\t\t<\/section>\n\t\t\t\t<section class=\"elementor-section elementor-top-section elementor-element elementor-element-7c1d63d elementor-section-boxed elementor-section-height-default elementor-section-height-default\" data-id=\"7c1d63d\" data-element_type=\"section\" data-e-type=\"section\">\n\t\t\t\t\t\t<div class=\"elementor-container elementor-column-gap-default\">\n\t\t\t\t\t<div class=\"elementor-column elementor-col-100 elementor-top-column elementor-element elementor-element-c18475e\" data-id=\"c18475e\" data-element_type=\"column\" data-e-type=\"column\">\n\t\t\t<div class=\"elementor-widget-wrap elementor-element-populated\">\n\t\t\t\t\t\t<div class=\"elementor-element elementor-element-4ce90b7 dce_masking-none elementor-widget elementor-widget-image\" data-id=\"4ce90b7\" data-element_type=\"widget\" data-e-type=\"widget\" data-widget_type=\"image.default\">\n\t\t\t\t<div class=\"elementor-widget-container\">\n\t\t\t\t\t\t\t\t\t\t\t\t\t\t\t<img decoding=\"async\" width=\"1024\" height=\"1024\" src=\"https:\/\/fanprojekt-oldenburg.de\/wp-content\/uploads\/2024\/06\/Juni-3-1024x1024.jpg\" class=\"attachment-large size-large wp-image-3258\" alt=\"\" srcset=\"https:\/\/fanprojekt-oldenburg.de\/wp-content\/uploads\/2024\/06\/Juni-3-1024x1024.jpg 1024w, https:\/\/fanprojekt-oldenburg.de\/wp-content\/uploads\/2024\/06\/Juni-3-300x300.jpg 300w, https:\/\/fanprojekt-oldenburg.de\/wp-content\/uploads\/2024\/06\/Juni-3-150x150.jpg 150w, https:\/\/fanprojekt-oldenburg.de\/wp-content\/uploads\/2024\/06\/Juni-3-768x768.jpg 768w, https:\/\/fanprojekt-oldenburg.de\/wp-content\/uploads\/2024\/06\/Juni-3.jpg 1080w\" sizes=\"(max-width: 1024px) 100vw, 1024px\" \/>\t\t\t\t\t\t\t\t\t\t\t\t\t\t\t<\/div>\n\t\t\t\t<\/div>\n\t\t\t\t\t<\/div>\n\t\t<\/div>\n\t\t\t\t\t<\/div>\n\t\t<\/section>\n\t\t\t\t<\/div>\n\t\t","protected":false},"excerpt":{"rendered":"<p>+++ Start der Festivalsaison +++ Die Saison ist vorbei und das Festival beginnt: Wir sind super aufgeregt \ud83e\udd29, dass das @gegengeradefest mit uns zum 4. Mal an den Start geht &#8211; und dieses Jahr auch endlich wieder im Marschwegstadion! \ud83e\udd73\ud83c\udfdf Auf der ersten Seite seht ihr einen kleinen Ausschnitt aus dem gesamten Programm, bestehend aus [&hellip;]<\/p>\n","protected":false},"author":5,"featured_media":2728,"comment_status":"open","ping_status":"open","sticky":false,"template":"","format":"standard","meta":{"_acf_changed":false,"footnotes":""},"categories":[10,1,9],"tags":[16,118,116,45,115,117,119,37,38,36,28],"class_list":["post-3254","post","type-post","status-publish","format-standard","has-post-thumbnail","hentry","category-aktion","category-allgemein","category-news","tag-fanprojekt-oldenburg","tag-frauenfussball","tag-fussballfilme","tag-fussballtreff","tag-gegengerade-fussballfilmfestival","tag-gewalt-zwischen-polizei-und-fussballfans","tag-kommerzialisierung-im-fussball","tag-offene-jugendarbeit","tag-soziale-arbeit-mit-fussballfans","tag-treff-fuer-fussballfans","tag-vfb-oldenburg"],"acf":[],"yoast_head":"<!-- This site is optimized with the Yoast SEO plugin v27.5 - https:\/\/yoast.com\/product\/yoast-seo-wordpress\/ -->\n<title>Monatsprogramm Juni &#8212; Fanprojekt Oldenburg<\/title>\n<meta name=\"robots\" content=\"index, follow, max-snippet:-1, max-image-preview:large, max-video-preview:-1\" \/>\n<link rel=\"canonical\" href=\"https:\/\/fanprojekt-oldenburg.de\/?p=3254\" \/>\n<meta property=\"og:locale\" content=\"de_DE\" \/>\n<meta property=\"og:type\" content=\"article\" \/>\n<meta property=\"og:title\" content=\"Monatsprogramm Juni &#8212; Fanprojekt Oldenburg\" \/>\n<meta property=\"og:description\" content=\"+++ Start der Festivalsaison +++ Die Saison ist vorbei und das Festival beginnt: Wir sind super aufgeregt \ud83e\udd29, dass das @gegengeradefest mit uns zum 4. Mal an den Start geht &#8211; und dieses Jahr auch endlich wieder im Marschwegstadion! \ud83e\udd73\ud83c\udfdf Auf der ersten Seite seht ihr einen kleinen Ausschnitt aus dem gesamten Programm, bestehend aus [&hellip;]\" \/>\n<meta property=\"og:url\" content=\"https:\/\/fanprojekt-oldenburg.de\/?p=3254\" \/>\n<meta property=\"og:site_name\" content=\"Fanprojekt Oldenburg\" \/>\n<meta property=\"article:published_time\" content=\"2024-06-03T15:26:43+00:00\" \/>\n<meta property=\"article:modified_time\" content=\"2024-06-03T15:29:54+00:00\" \/>\n<meta property=\"og:image\" content=\"https:\/\/fanprojekt-oldenburg.de\/wp-content\/uploads\/2023\/06\/Titelbild-Juni-1.jpg\" \/>\n\t<meta property=\"og:image:width\" content=\"1080\" \/>\n\t<meta property=\"og:image:height\" content=\"1080\" \/>\n\t<meta property=\"og:image:type\" content=\"image\/jpeg\" \/>\n<meta name=\"author\" content=\"Svenja\" \/>\n<meta name=\"twitter:card\" content=\"summary_large_image\" \/>\n<meta name=\"twitter:label1\" content=\"Verfasst von\" \/>\n\t<meta name=\"twitter:data1\" content=\"Svenja\" \/>\n\t<meta name=\"twitter:label2\" content=\"Gesch\u00e4tzte Lesezeit\" \/>\n\t<meta name=\"twitter:data2\" content=\"2\u00a0Minuten\" \/>\n<script type=\"application\/ld+json\" class=\"yoast-schema-graph\">{\"@context\":\"https:\\\/\\\/schema.org\",\"@graph\":[{\"@type\":\"Article\",\"@id\":\"https:\\\/\\\/fanprojekt-oldenburg.de\\\/?p=3254#article\",\"isPartOf\":{\"@id\":\"https:\\\/\\\/fanprojekt-oldenburg.de\\\/?p=3254\"},\"author\":{\"name\":\"Svenja\",\"@id\":\"https:\\\/\\\/fanprojekt-oldenburg.de\\\/#\\\/schema\\\/person\\\/d908e7ed93642952db2dac1ba1fcb541\"},\"headline\":\"Monatsprogramm Juni\",\"datePublished\":\"2024-06-03T15:26:43+00:00\",\"dateModified\":\"2024-06-03T15:29:54+00:00\",\"mainEntityOfPage\":{\"@id\":\"https:\\\/\\\/fanprojekt-oldenburg.de\\\/?p=3254\"},\"wordCount\":135,\"commentCount\":0,\"publisher\":{\"@id\":\"https:\\\/\\\/fanprojekt-oldenburg.de\\\/#organization\"},\"image\":{\"@id\":\"https:\\\/\\\/fanprojekt-oldenburg.de\\\/?p=3254#primaryimage\"},\"thumbnailUrl\":\"https:\\\/\\\/fanprojekt-oldenburg.de\\\/wp-content\\\/uploads\\\/2023\\\/06\\\/Titelbild-Juni-1.jpg\",\"keywords\":[\"Fanprojekt Oldenburg\",\"Frauenfu\u00dfball\",\"Fu\u00dfballfilme\",\"Fu\u00dfballtreff\",\"Gegengerade Fu\u00dfballfilmfestival\",\"Gewalt zwischen Polizei und Fu\u00dfballfans\",\"Kommerzialisierung im Fu\u00dfball\",\"Offene Jugendarbeit\",\"Soziale Arbeit mit Fu\u00dfballfans\",\"Treff f\u00fcr Fu\u00dfballfans\",\"VfB Oldenburg\"],\"articleSection\":{\"0\":\"Aktion\",\"2\":\"News\"},\"inLanguage\":\"de\",\"potentialAction\":[{\"@type\":\"CommentAction\",\"name\":\"Comment\",\"target\":[\"https:\\\/\\\/fanprojekt-oldenburg.de\\\/?p=3254#respond\"]}]},{\"@type\":\"WebPage\",\"@id\":\"https:\\\/\\\/fanprojekt-oldenburg.de\\\/?p=3254\",\"url\":\"https:\\\/\\\/fanprojekt-oldenburg.de\\\/?p=3254\",\"name\":\"Monatsprogramm Juni &#8212; Fanprojekt Oldenburg\",\"isPartOf\":{\"@id\":\"https:\\\/\\\/fanprojekt-oldenburg.de\\\/#website\"},\"primaryImageOfPage\":{\"@id\":\"https:\\\/\\\/fanprojekt-oldenburg.de\\\/?p=3254#primaryimage\"},\"image\":{\"@id\":\"https:\\\/\\\/fanprojekt-oldenburg.de\\\/?p=3254#primaryimage\"},\"thumbnailUrl\":\"https:\\\/\\\/fanprojekt-oldenburg.de\\\/wp-content\\\/uploads\\\/2023\\\/06\\\/Titelbild-Juni-1.jpg\",\"datePublished\":\"2024-06-03T15:26:43+00:00\",\"dateModified\":\"2024-06-03T15:29:54+00:00\",\"breadcrumb\":{\"@id\":\"https:\\\/\\\/fanprojekt-oldenburg.de\\\/?p=3254#breadcrumb\"},\"inLanguage\":\"de\",\"potentialAction\":[{\"@type\":\"ReadAction\",\"target\":[\"https:\\\/\\\/fanprojekt-oldenburg.de\\\/?p=3254\"]}]},{\"@type\":\"ImageObject\",\"inLanguage\":\"de\",\"@id\":\"https:\\\/\\\/fanprojekt-oldenburg.de\\\/?p=3254#primaryimage\",\"url\":\"https:\\\/\\\/fanprojekt-oldenburg.de\\\/wp-content\\\/uploads\\\/2023\\\/06\\\/Titelbild-Juni-1.jpg\",\"contentUrl\":\"https:\\\/\\\/fanprojekt-oldenburg.de\\\/wp-content\\\/uploads\\\/2023\\\/06\\\/Titelbild-Juni-1.jpg\",\"width\":1080,\"height\":1080},{\"@type\":\"BreadcrumbList\",\"@id\":\"https:\\\/\\\/fanprojekt-oldenburg.de\\\/?p=3254#breadcrumb\",\"itemListElement\":[{\"@type\":\"ListItem\",\"position\":1,\"name\":\"Startseite\",\"item\":\"https:\\\/\\\/fanprojekt-oldenburg.de\\\/\"},{\"@type\":\"ListItem\",\"position\":2,\"name\":\"Monatsprogramm Juni\"}]},{\"@type\":\"WebSite\",\"@id\":\"https:\\\/\\\/fanprojekt-oldenburg.de\\\/#website\",\"url\":\"https:\\\/\\\/fanprojekt-oldenburg.de\\\/\",\"name\":\"Fanprojekt Oldenburg\",\"description\":\"Soziale Arbeit mit Fu\u00dfballfans in Oldenburg\",\"publisher\":{\"@id\":\"https:\\\/\\\/fanprojekt-oldenburg.de\\\/#organization\"},\"potentialAction\":[{\"@type\":\"SearchAction\",\"target\":{\"@type\":\"EntryPoint\",\"urlTemplate\":\"https:\\\/\\\/fanprojekt-oldenburg.de\\\/?s={search_term_string}\"},\"query-input\":{\"@type\":\"PropertyValueSpecification\",\"valueRequired\":true,\"valueName\":\"search_term_string\"}}],\"inLanguage\":\"de\"},{\"@type\":\"Organization\",\"@id\":\"https:\\\/\\\/fanprojekt-oldenburg.de\\\/#organization\",\"name\":\"Fanprojekt Oldenburg\",\"url\":\"https:\\\/\\\/fanprojekt-oldenburg.de\\\/\",\"logo\":{\"@type\":\"ImageObject\",\"inLanguage\":\"de\",\"@id\":\"https:\\\/\\\/fanprojekt-oldenburg.de\\\/#\\\/schema\\\/logo\\\/image\\\/\",\"url\":\"https:\\\/\\\/fanprojekt-oldenburg.de\\\/wp-content\\\/uploads\\\/2020\\\/09\\\/apple-touch-icon.png\",\"contentUrl\":\"https:\\\/\\\/fanprojekt-oldenburg.de\\\/wp-content\\\/uploads\\\/2020\\\/09\\\/apple-touch-icon.png\",\"width\":512,\"height\":512,\"caption\":\"Fanprojekt Oldenburg\"},\"image\":{\"@id\":\"https:\\\/\\\/fanprojekt-oldenburg.de\\\/#\\\/schema\\\/logo\\\/image\\\/\"},\"sameAs\":[\"https:\\\/\\\/www.instagram.com\\\/fanprojekt_oldenburg\\\/\"]},{\"@type\":\"Person\",\"@id\":\"https:\\\/\\\/fanprojekt-oldenburg.de\\\/#\\\/schema\\\/person\\\/d908e7ed93642952db2dac1ba1fcb541\",\"name\":\"Svenja\"}]}<\/script>\n<!-- \/ Yoast SEO plugin. -->","yoast_head_json":{"title":"Monatsprogramm Juni &#8212; Fanprojekt Oldenburg","robots":{"index":"index","follow":"follow","max-snippet":"max-snippet:-1","max-image-preview":"max-image-preview:large","max-video-preview":"max-video-preview:-1"},"canonical":"https:\/\/fanprojekt-oldenburg.de\/?p=3254","og_locale":"de_DE","og_type":"article","og_title":"Monatsprogramm Juni &#8212; Fanprojekt Oldenburg","og_description":"+++ Start der Festivalsaison +++ Die Saison ist vorbei und das Festival beginnt: Wir sind super aufgeregt \ud83e\udd29, dass das @gegengeradefest mit uns zum 4. Mal an den Start geht &#8211; und dieses Jahr auch endlich wieder im Marschwegstadion! \ud83e\udd73\ud83c\udfdf Auf der ersten Seite seht ihr einen kleinen Ausschnitt aus dem gesamten Programm, bestehend aus [&hellip;]","og_url":"https:\/\/fanprojekt-oldenburg.de\/?p=3254","og_site_name":"Fanprojekt Oldenburg","article_published_time":"2024-06-03T15:26:43+00:00","article_modified_time":"2024-06-03T15:29:54+00:00","og_image":[{"width":1080,"height":1080,"url":"https:\/\/fanprojekt-oldenburg.de\/wp-content\/uploads\/2023\/06\/Titelbild-Juni-1.jpg","type":"image\/jpeg"}],"author":"Svenja","twitter_card":"summary_large_image","twitter_misc":{"Verfasst von":"Svenja","Gesch\u00e4tzte Lesezeit":"2\u00a0Minuten"},"schema":{"@context":"https:\/\/schema.org","@graph":[{"@type":"Article","@id":"https:\/\/fanprojekt-oldenburg.de\/?p=3254#article","isPartOf":{"@id":"https:\/\/fanprojekt-oldenburg.de\/?p=3254"},"author":{"name":"Svenja","@id":"https:\/\/fanprojekt-oldenburg.de\/#\/schema\/person\/d908e7ed93642952db2dac1ba1fcb541"},"headline":"Monatsprogramm Juni","datePublished":"2024-06-03T15:26:43+00:00","dateModified":"2024-06-03T15:29:54+00:00","mainEntityOfPage":{"@id":"https:\/\/fanprojekt-oldenburg.de\/?p=3254"},"wordCount":135,"commentCount":0,"publisher":{"@id":"https:\/\/fanprojekt-oldenburg.de\/#organization"},"image":{"@id":"https:\/\/fanprojekt-oldenburg.de\/?p=3254#primaryimage"},"thumbnailUrl":"https:\/\/fanprojekt-oldenburg.de\/wp-content\/uploads\/2023\/06\/Titelbild-Juni-1.jpg","keywords":["Fanprojekt Oldenburg","Frauenfu\u00dfball","Fu\u00dfballfilme","Fu\u00dfballtreff","Gegengerade Fu\u00dfballfilmfestival","Gewalt zwischen Polizei und Fu\u00dfballfans","Kommerzialisierung im Fu\u00dfball","Offene Jugendarbeit","Soziale Arbeit mit Fu\u00dfballfans","Treff f\u00fcr Fu\u00dfballfans","VfB Oldenburg"],"articleSection":{"0":"Aktion","2":"News"},"inLanguage":"de","potentialAction":[{"@type":"CommentAction","name":"Comment","target":["https:\/\/fanprojekt-oldenburg.de\/?p=3254#respond"]}]},{"@type":"WebPage","@id":"https:\/\/fanprojekt-oldenburg.de\/?p=3254","url":"https:\/\/fanprojekt-oldenburg.de\/?p=3254","name":"Monatsprogramm Juni &#8212; Fanprojekt Oldenburg","isPartOf":{"@id":"https:\/\/fanprojekt-oldenburg.de\/#website"},"primaryImageOfPage":{"@id":"https:\/\/fanprojekt-oldenburg.de\/?p=3254#primaryimage"},"image":{"@id":"https:\/\/fanprojekt-oldenburg.de\/?p=3254#primaryimage"},"thumbnailUrl":"https:\/\/fanprojekt-oldenburg.de\/wp-content\/uploads\/2023\/06\/Titelbild-Juni-1.jpg","datePublished":"2024-06-03T15:26:43+00:00","dateModified":"2024-06-03T15:29:54+00:00","breadcrumb":{"@id":"https:\/\/fanprojekt-oldenburg.de\/?p=3254#breadcrumb"},"inLanguage":"de","potentialAction":[{"@type":"ReadAction","target":["https:\/\/fanprojekt-oldenburg.de\/?p=3254"]}]},{"@type":"ImageObject","inLanguage":"de","@id":"https:\/\/fanprojekt-oldenburg.de\/?p=3254#primaryimage","url":"https:\/\/fanprojekt-oldenburg.de\/wp-content\/uploads\/2023\/06\/Titelbild-Juni-1.jpg","contentUrl":"https:\/\/fanprojekt-oldenburg.de\/wp-content\/uploads\/2023\/06\/Titelbild-Juni-1.jpg","width":1080,"height":1080},{"@type":"BreadcrumbList","@id":"https:\/\/fanprojekt-oldenburg.de\/?p=3254#breadcrumb","itemListElement":[{"@type":"ListItem","position":1,"name":"Startseite","item":"https:\/\/fanprojekt-oldenburg.de\/"},{"@type":"ListItem","position":2,"name":"Monatsprogramm Juni"}]},{"@type":"WebSite","@id":"https:\/\/fanprojekt-oldenburg.de\/#website","url":"https:\/\/fanprojekt-oldenburg.de\/","name":"Fanprojekt Oldenburg","description":"Soziale Arbeit mit Fu\u00dfballfans in Oldenburg","publisher":{"@id":"https:\/\/fanprojekt-oldenburg.de\/#organization"},"potentialAction":[{"@type":"SearchAction","target":{"@type":"EntryPoint","urlTemplate":"https:\/\/fanprojekt-oldenburg.de\/?s={search_term_string}"},"query-input":{"@type":"PropertyValueSpecification","valueRequired":true,"valueName":"search_term_string"}}],"inLanguage":"de"},{"@type":"Organization","@id":"https:\/\/fanprojekt-oldenburg.de\/#organization","name":"Fanprojekt Oldenburg","url":"https:\/\/fanprojekt-oldenburg.de\/","logo":{"@type":"ImageObject","inLanguage":"de","@id":"https:\/\/fanprojekt-oldenburg.de\/#\/schema\/logo\/image\/","url":"https:\/\/fanprojekt-oldenburg.de\/wp-content\/uploads\/2020\/09\/apple-touch-icon.png","contentUrl":"https:\/\/fanprojekt-oldenburg.de\/wp-content\/uploads\/2020\/09\/apple-touch-icon.png","width":512,"height":512,"caption":"Fanprojekt Oldenburg"},"image":{"@id":"https:\/\/fanprojekt-oldenburg.de\/#\/schema\/logo\/image\/"},"sameAs":["https:\/\/www.instagram.com\/fanprojekt_oldenburg\/"]},{"@type":"Person","@id":"https:\/\/fanprojekt-oldenburg.de\/#\/schema\/person\/d908e7ed93642952db2dac1ba1fcb541","name":"Svenja"}]}},"_links":{"self":[{"href":"https:\/\/fanprojekt-oldenburg.de\/index.php?rest_route=\/wp\/v2\/posts\/3254","targetHints":{"allow":["GET"]}}],"collection":[{"href":"https:\/\/fanprojekt-oldenburg.de\/index.php?rest_route=\/wp\/v2\/posts"}],"about":[{"href":"https:\/\/fanprojekt-oldenburg.de\/index.php?rest_route=\/wp\/v2\/types\/post"}],"author":[{"embeddable":true,"href":"https:\/\/fanprojekt-oldenburg.de\/index.php?rest_route=\/wp\/v2\/users\/5"}],"replies":[{"embeddable":true,"href":"https:\/\/fanprojekt-oldenburg.de\/index.php?rest_route=%2Fwp%2Fv2%2Fcomments&post=3254"}],"version-history":[{"count":6,"href":"https:\/\/fanprojekt-oldenburg.de\/index.php?rest_route=\/wp\/v2\/posts\/3254\/revisions"}],"predecessor-version":[{"id":3264,"href":"https:\/\/fanprojekt-oldenburg.de\/index.php?rest_route=\/wp\/v2\/posts\/3254\/revisions\/3264"}],"wp:featuredmedia":[{"embeddable":true,"href":"https:\/\/fanprojekt-oldenburg.de\/index.php?rest_route=\/wp\/v2\/media\/2728"}],"wp:attachment":[{"href":"https:\/\/fanprojekt-oldenburg.de\/index.php?rest_route=%2Fwp%2Fv2%2Fmedia&parent=3254"}],"wp:term":[{"taxonomy":"category","embeddable":true,"href":"https:\/\/fanprojekt-oldenburg.de\/index.php?rest_route=%2Fwp%2Fv2%2Fcategories&post=3254"},{"taxonomy":"post_tag","embeddable":true,"href":"https:\/\/fanprojekt-oldenburg.de\/index.php?rest_route=%2Fwp%2Fv2%2Ftags&post=3254"}],"curies":[{"name":"wp","href":"https:\/\/api.w.org\/{rel}","templated":true}]}}