{"id":3161,"date":"2024-03-01T13:00:00","date_gmt":"2024-03-01T12:00:00","guid":{"rendered":"https:\/\/fanprojekt-oldenburg.de\/?p=3161"},"modified":"2024-03-04T16:57:02","modified_gmt":"2024-03-04T15:57:02","slug":"monatsprogramm-maerz-2","status":"publish","type":"post","link":"https:\/\/fanprojekt-oldenburg.de\/?p=3161","title":{"rendered":"Monatsprogramm M\u00e4rz"},"content":{"rendered":"\t\t<div data-elementor-type=\"wp-post\" data-elementor-id=\"3161\" class=\"elementor elementor-3161\" data-elementor-post-type=\"post\">\n\t\t\t\t\t\t<section class=\"elementor-section elementor-top-section elementor-element elementor-element-96a7c8b elementor-section-boxed elementor-section-height-default elementor-section-height-default\" data-id=\"96a7c8b\" data-element_type=\"section\" data-e-type=\"section\">\n\t\t\t\t\t\t<div class=\"elementor-container elementor-column-gap-default\">\n\t\t\t\t\t<div class=\"elementor-column elementor-col-100 elementor-top-column elementor-element elementor-element-7774ac7\" data-id=\"7774ac7\" data-element_type=\"column\" data-e-type=\"column\">\n\t\t\t<div class=\"elementor-widget-wrap elementor-element-populated\">\n\t\t\t\t\t\t<div class=\"elementor-element elementor-element-23f6e7a elementor-widget elementor-widget-heading\" data-id=\"23f6e7a\" data-element_type=\"widget\" data-e-type=\"widget\" data-widget_type=\"heading.default\">\n\t\t\t\t<div class=\"elementor-widget-container\">\n\t\t\t\t\t<h2 class=\"elementor-heading-title elementor-size-default\">+++ Spielreich in den Fr\u00fchling +++<\/h2>\t\t\t\t<\/div>\n\t\t\t\t<\/div>\n\t\t\t\t\t<\/div>\n\t\t<\/div>\n\t\t\t\t\t<\/div>\n\t\t<\/section>\n\t\t\t\t<section class=\"elementor-section elementor-top-section elementor-element elementor-element-1ee2789 elementor-section-boxed elementor-section-height-default elementor-section-height-default\" data-id=\"1ee2789\" data-element_type=\"section\" data-e-type=\"section\">\n\t\t\t\t\t\t<div class=\"elementor-container elementor-column-gap-default\">\n\t\t\t\t\t<div class=\"elementor-column elementor-col-100 elementor-top-column elementor-element elementor-element-6aa6ff3\" data-id=\"6aa6ff3\" data-element_type=\"column\" data-e-type=\"column\">\n\t\t\t<div class=\"elementor-widget-wrap elementor-element-populated\">\n\t\t\t\t\t\t<div class=\"elementor-element elementor-element-654adbb elementor-widget elementor-widget-text-editor\" data-id=\"654adbb\" data-element_type=\"widget\" data-e-type=\"widget\" data-widget_type=\"text-editor.default\">\n\t\t\t\t<div class=\"elementor-widget-container\">\n\t\t\t\t\t\t\t\t\t<p>Auch, wenn der Fr\u00fchling noch etwas fern ist, wird der M\u00e4rz schon hei\u00df \ud83d\udd25 mit insgesamt 5\ufe0f\u20e3 Spielen des\u00a0<a class=\"x1i10hfl xjbqb8w x1ejq31n xd10rxx x1sy0etr x17r0tee x972fbf xcfux6l x1qhh985 xm0m39n x9f619 x1ypdohk xt0psk2 xe8uvvx xdj266r x11i5rnm xat24cr x1mh8g0r xexx8yu x4uap5 x18d9i69 xkhd6sd x16tdsg8 x1hl2dhg xggy1nq x1a2a7pz notranslate _a6hd\" tabindex=\"0\" role=\"link\" href=\"https:\/\/www.instagram.com\/vfb_oldenburg\/\">@vfb_oldenburg<\/a>\u00a0! Dabei ist n\u00e4mlich noch ein Nachholspiel am Ostersamstag gegen den TSV Havelse.<br \/><br \/>Zu den U23 Fahrten \ud83d\ude90 wird es wieder separat Infos geben \ud83d\udc4d\ud83c\udffb<br \/><br \/>Unser Offene Treff kann aufgrund anderweitiger Termine \ud83d\udcca\ud83d\udcbc\ud83e\udd13 leider nur am 06.03. stattfinden.<br \/>Daf\u00fcr k\u00f6nnen wir euch am 11.03. mit\u00a0<a class=\"x1i10hfl xjbqb8w x1ejq31n xd10rxx x1sy0etr x17r0tee x972fbf xcfux6l x1qhh985 xm0m39n x9f619 x1ypdohk xt0psk2 xe8uvvx xdj266r x11i5rnm xat24cr x1mh8g0r xexx8yu x4uap5 x18d9i69 xkhd6sd x16tdsg8 x1hl2dhg xggy1nq x1a2a7pz notranslate _a6hd\" tabindex=\"0\" role=\"link\" href=\"https:\/\/www.instagram.com\/werkstattfilm_oldenburg\/\">@werkstattfilm_oldenburg<\/a>\u00a0zusammen in den KinOLaden einladen zum Film\u00a0<a class=\"x1i10hfl xjbqb8w x1ejq31n xd10rxx x1sy0etr x17r0tee x972fbf xcfux6l x1qhh985 xm0m39n x9f619 x1ypdohk xt0psk2 xe8uvvx xdj266r x11i5rnm xat24cr x1mh8g0r xexx8yu x4uap5 x18d9i69 xkhd6sd x16tdsg8 x1hl2dhg xggy1nq x1a2a7pz notranslate _a6hd\" tabindex=\"0\" role=\"link\" href=\"https:\/\/www.instagram.com\/wochenendrebellen\/\">@wochenendrebellen<\/a>\u00a0! \ud83c\udfa5\ud83c\udf7f<br \/><br \/>Unser Sportangebot \u26bd\ufe0fwird nach Ostern am 08. April wieder starten, also geduldig bleiben und Termin notieren \ud83d\udcc5<br \/><br \/>Dann erstmal bis Sonntag \ud83d\udc99\ud83e\udd0d<\/p>\t\t\t\t\t\t\t\t<\/div>\n\t\t\t\t<\/div>\n\t\t\t\t\t<\/div>\n\t\t<\/div>\n\t\t\t\t\t<\/div>\n\t\t<\/section>\n\t\t\t\t<section class=\"elementor-section elementor-top-section elementor-element elementor-element-92e29eb elementor-section-boxed elementor-section-height-default elementor-section-height-default\" data-id=\"92e29eb\" data-element_type=\"section\" data-e-type=\"section\">\n\t\t\t\t\t\t<div class=\"elementor-container elementor-column-gap-default\">\n\t\t\t\t\t<div class=\"elementor-column elementor-col-100 elementor-top-column elementor-element elementor-element-37f3305\" data-id=\"37f3305\" data-element_type=\"column\" data-e-type=\"column\">\n\t\t\t<div class=\"elementor-widget-wrap elementor-element-populated\">\n\t\t\t\t\t\t<div class=\"elementor-element elementor-element-8f45e63 dce_masking-none elementor-widget elementor-widget-image\" data-id=\"8f45e63\" data-element_type=\"widget\" data-e-type=\"widget\" data-widget_type=\"image.default\">\n\t\t\t\t<div class=\"elementor-widget-container\">\n\t\t\t\t\t\t\t\t\t\t\t\t\t\t\t<img fetchpriority=\"high\" decoding=\"async\" width=\"1024\" height=\"1024\" src=\"https:\/\/fanprojekt-oldenburg.de\/wp-content\/uploads\/2024\/03\/Marz-1-1024x1024.jpg\" class=\"attachment-large size-large wp-image-3163\" alt=\"\" srcset=\"https:\/\/fanprojekt-oldenburg.de\/wp-content\/uploads\/2024\/03\/Marz-1-1024x1024.jpg 1024w, https:\/\/fanprojekt-oldenburg.de\/wp-content\/uploads\/2024\/03\/Marz-1-300x300.jpg 300w, https:\/\/fanprojekt-oldenburg.de\/wp-content\/uploads\/2024\/03\/Marz-1-150x150.jpg 150w, https:\/\/fanprojekt-oldenburg.de\/wp-content\/uploads\/2024\/03\/Marz-1-768x768.jpg 768w, https:\/\/fanprojekt-oldenburg.de\/wp-content\/uploads\/2024\/03\/Marz-1.jpg 1080w\" sizes=\"(max-width: 1024px) 100vw, 1024px\" \/>\t\t\t\t\t\t\t\t\t\t\t\t\t\t\t<\/div>\n\t\t\t\t<\/div>\n\t\t\t\t\t<\/div>\n\t\t<\/div>\n\t\t\t\t\t<\/div>\n\t\t<\/section>\n\t\t\t\t<section class=\"elementor-section elementor-top-section elementor-element elementor-element-f227db3 elementor-section-boxed elementor-section-height-default elementor-section-height-default\" data-id=\"f227db3\" data-element_type=\"section\" data-e-type=\"section\">\n\t\t\t\t\t\t<div class=\"elementor-container elementor-column-gap-default\">\n\t\t\t\t\t<div class=\"elementor-column elementor-col-100 elementor-top-column elementor-element elementor-element-8fe27d5\" data-id=\"8fe27d5\" data-element_type=\"column\" data-e-type=\"column\">\n\t\t\t<div class=\"elementor-widget-wrap elementor-element-populated\">\n\t\t\t\t\t\t<div class=\"elementor-element elementor-element-d3e0012 dce_masking-none elementor-widget elementor-widget-image\" data-id=\"d3e0012\" data-element_type=\"widget\" data-e-type=\"widget\" data-widget_type=\"image.default\">\n\t\t\t\t<div class=\"elementor-widget-container\">\n\t\t\t\t\t\t\t\t\t\t\t\t\t\t\t<img decoding=\"async\" width=\"1024\" height=\"1024\" src=\"https:\/\/fanprojekt-oldenburg.de\/wp-content\/uploads\/2024\/03\/Marz-2-1-1024x1024.jpg\" class=\"attachment-large size-large wp-image-3164\" alt=\"\" srcset=\"https:\/\/fanprojekt-oldenburg.de\/wp-content\/uploads\/2024\/03\/Marz-2-1-1024x1024.jpg 1024w, https:\/\/fanprojekt-oldenburg.de\/wp-content\/uploads\/2024\/03\/Marz-2-1-300x300.jpg 300w, https:\/\/fanprojekt-oldenburg.de\/wp-content\/uploads\/2024\/03\/Marz-2-1-150x150.jpg 150w, https:\/\/fanprojekt-oldenburg.de\/wp-content\/uploads\/2024\/03\/Marz-2-1-768x768.jpg 768w, https:\/\/fanprojekt-oldenburg.de\/wp-content\/uploads\/2024\/03\/Marz-2-1.jpg 1080w\" sizes=\"(max-width: 1024px) 100vw, 1024px\" \/>\t\t\t\t\t\t\t\t\t\t\t\t\t\t\t<\/div>\n\t\t\t\t<\/div>\n\t\t\t\t\t<\/div>\n\t\t<\/div>\n\t\t\t\t\t<\/div>\n\t\t<\/section>\n\t\t\t\t<\/div>\n\t\t","protected":false},"excerpt":{"rendered":"<p>+++ Spielreich in den Fr\u00fchling +++ Auch, wenn der Fr\u00fchling noch etwas fern ist, wird der M\u00e4rz schon hei\u00df \ud83d\udd25 mit insgesamt 5\ufe0f\u20e3 Spielen des\u00a0@vfb_oldenburg\u00a0! Dabei ist n\u00e4mlich noch ein Nachholspiel am Ostersamstag gegen den TSV Havelse. Zu den U23 Fahrten \ud83d\ude90 wird es wieder separat Infos geben \ud83d\udc4d\ud83c\udffb Unser Offene Treff kann aufgrund anderweitiger [&hellip;]<\/p>\n","protected":false},"author":5,"featured_media":3168,"comment_status":"open","ping_status":"open","sticky":false,"template":"","format":"standard","meta":{"_acf_changed":false,"footnotes":""},"categories":[10,1,9],"tags":[25,27,16,45,70,37,38,36,26,28],"class_list":["post-3161","post","type-post","status-publish","format-standard","has-post-thumbnail","hentry","category-aktion","category-allgemein","category-news","tag-auswaertsfahrt","tag-auswaertsspiel","tag-fanprojekt-oldenburg","tag-fussballtreff","tag-heimspiel","tag-offene-jugendarbeit","tag-soziale-arbeit-mit-fussballfans","tag-treff-fuer-fussballfans","tag-u-23-fahrt","tag-vfb-oldenburg"],"acf":[],"yoast_head":"<!-- This site is optimized with the Yoast SEO plugin v27.5 - https:\/\/yoast.com\/product\/yoast-seo-wordpress\/ -->\n<title>Monatsprogramm M\u00e4rz &#8212; Fanprojekt Oldenburg<\/title>\n<meta name=\"robots\" content=\"index, follow, max-snippet:-1, max-image-preview:large, max-video-preview:-1\" \/>\n<link rel=\"canonical\" href=\"https:\/\/fanprojekt-oldenburg.de\/?p=3161\" \/>\n<meta property=\"og:locale\" content=\"de_DE\" \/>\n<meta property=\"og:type\" content=\"article\" \/>\n<meta property=\"og:title\" content=\"Monatsprogramm M\u00e4rz &#8212; Fanprojekt Oldenburg\" \/>\n<meta property=\"og:description\" content=\"+++ Spielreich in den Fr\u00fchling +++ Auch, wenn der Fr\u00fchling noch etwas fern ist, wird der M\u00e4rz schon hei\u00df \ud83d\udd25 mit insgesamt 5\ufe0f\u20e3 Spielen des\u00a0@vfb_oldenburg\u00a0! Dabei ist n\u00e4mlich noch ein Nachholspiel am Ostersamstag gegen den TSV Havelse. Zu den U23 Fahrten \ud83d\ude90 wird es wieder separat Infos geben \ud83d\udc4d\ud83c\udffb Unser Offene Treff kann aufgrund anderweitiger [&hellip;]\" \/>\n<meta property=\"og:url\" content=\"https:\/\/fanprojekt-oldenburg.de\/?p=3161\" \/>\n<meta property=\"og:site_name\" content=\"Fanprojekt Oldenburg\" \/>\n<meta property=\"article:published_time\" content=\"2024-03-01T12:00:00+00:00\" \/>\n<meta property=\"article:modified_time\" content=\"2024-03-04T15:57:02+00:00\" \/>\n<meta property=\"og:image\" content=\"https:\/\/fanprojekt-oldenburg.de\/wp-content\/uploads\/2024\/03\/Titelbild-Maerz.jpg\" \/>\n\t<meta property=\"og:image:width\" content=\"1080\" \/>\n\t<meta property=\"og:image:height\" content=\"1080\" \/>\n\t<meta property=\"og:image:type\" content=\"image\/jpeg\" \/>\n<meta name=\"author\" content=\"Svenja\" \/>\n<meta name=\"twitter:card\" content=\"summary_large_image\" \/>\n<meta name=\"twitter:label1\" content=\"Verfasst von\" \/>\n\t<meta name=\"twitter:data1\" content=\"Svenja\" \/>\n\t<meta name=\"twitter:label2\" content=\"Gesch\u00e4tzte Lesezeit\" \/>\n\t<meta name=\"twitter:data2\" content=\"2\u00a0Minuten\" \/>\n<script type=\"application\/ld+json\" class=\"yoast-schema-graph\">{\"@context\":\"https:\\\/\\\/schema.org\",\"@graph\":[{\"@type\":\"Article\",\"@id\":\"https:\\\/\\\/fanprojekt-oldenburg.de\\\/?p=3161#article\",\"isPartOf\":{\"@id\":\"https:\\\/\\\/fanprojekt-oldenburg.de\\\/?p=3161\"},\"author\":{\"name\":\"Svenja\",\"@id\":\"https:\\\/\\\/fanprojekt-oldenburg.de\\\/#\\\/schema\\\/person\\\/d908e7ed93642952db2dac1ba1fcb541\"},\"headline\":\"Monatsprogramm M\u00e4rz\",\"datePublished\":\"2024-03-01T12:00:00+00:00\",\"dateModified\":\"2024-03-04T15:57:02+00:00\",\"mainEntityOfPage\":{\"@id\":\"https:\\\/\\\/fanprojekt-oldenburg.de\\\/?p=3161\"},\"wordCount\":100,\"commentCount\":0,\"publisher\":{\"@id\":\"https:\\\/\\\/fanprojekt-oldenburg.de\\\/#organization\"},\"image\":{\"@id\":\"https:\\\/\\\/fanprojekt-oldenburg.de\\\/?p=3161#primaryimage\"},\"thumbnailUrl\":\"https:\\\/\\\/fanprojekt-oldenburg.de\\\/wp-content\\\/uploads\\\/2024\\\/03\\\/Titelbild-Maerz.jpg\",\"keywords\":[\"Ausw\u00e4rtsfahrt\",\"Ausw\u00e4rtsspiel\",\"Fanprojekt Oldenburg\",\"Fu\u00dfballtreff\",\"Heimspiel\",\"Offene Jugendarbeit\",\"Soziale Arbeit mit Fu\u00dfballfans\",\"Treff f\u00fcr Fu\u00dfballfans\",\"U-23-Fahrt\",\"VfB Oldenburg\"],\"articleSection\":{\"0\":\"Aktion\",\"2\":\"News\"},\"inLanguage\":\"de\",\"potentialAction\":[{\"@type\":\"CommentAction\",\"name\":\"Comment\",\"target\":[\"https:\\\/\\\/fanprojekt-oldenburg.de\\\/?p=3161#respond\"]}]},{\"@type\":\"WebPage\",\"@id\":\"https:\\\/\\\/fanprojekt-oldenburg.de\\\/?p=3161\",\"url\":\"https:\\\/\\\/fanprojekt-oldenburg.de\\\/?p=3161\",\"name\":\"Monatsprogramm M\u00e4rz &#8212; Fanprojekt Oldenburg\",\"isPartOf\":{\"@id\":\"https:\\\/\\\/fanprojekt-oldenburg.de\\\/#website\"},\"primaryImageOfPage\":{\"@id\":\"https:\\\/\\\/fanprojekt-oldenburg.de\\\/?p=3161#primaryimage\"},\"image\":{\"@id\":\"https:\\\/\\\/fanprojekt-oldenburg.de\\\/?p=3161#primaryimage\"},\"thumbnailUrl\":\"https:\\\/\\\/fanprojekt-oldenburg.de\\\/wp-content\\\/uploads\\\/2024\\\/03\\\/Titelbild-Maerz.jpg\",\"datePublished\":\"2024-03-01T12:00:00+00:00\",\"dateModified\":\"2024-03-04T15:57:02+00:00\",\"breadcrumb\":{\"@id\":\"https:\\\/\\\/fanprojekt-oldenburg.de\\\/?p=3161#breadcrumb\"},\"inLanguage\":\"de\",\"potentialAction\":[{\"@type\":\"ReadAction\",\"target\":[\"https:\\\/\\\/fanprojekt-oldenburg.de\\\/?p=3161\"]}]},{\"@type\":\"ImageObject\",\"inLanguage\":\"de\",\"@id\":\"https:\\\/\\\/fanprojekt-oldenburg.de\\\/?p=3161#primaryimage\",\"url\":\"https:\\\/\\\/fanprojekt-oldenburg.de\\\/wp-content\\\/uploads\\\/2024\\\/03\\\/Titelbild-Maerz.jpg\",\"contentUrl\":\"https:\\\/\\\/fanprojekt-oldenburg.de\\\/wp-content\\\/uploads\\\/2024\\\/03\\\/Titelbild-Maerz.jpg\",\"width\":1080,\"height\":1080},{\"@type\":\"BreadcrumbList\",\"@id\":\"https:\\\/\\\/fanprojekt-oldenburg.de\\\/?p=3161#breadcrumb\",\"itemListElement\":[{\"@type\":\"ListItem\",\"position\":1,\"name\":\"Startseite\",\"item\":\"https:\\\/\\\/fanprojekt-oldenburg.de\\\/\"},{\"@type\":\"ListItem\",\"position\":2,\"name\":\"Monatsprogramm M\u00e4rz\"}]},{\"@type\":\"WebSite\",\"@id\":\"https:\\\/\\\/fanprojekt-oldenburg.de\\\/#website\",\"url\":\"https:\\\/\\\/fanprojekt-oldenburg.de\\\/\",\"name\":\"Fanprojekt Oldenburg\",\"description\":\"Soziale Arbeit mit Fu\u00dfballfans in Oldenburg\",\"publisher\":{\"@id\":\"https:\\\/\\\/fanprojekt-oldenburg.de\\\/#organization\"},\"potentialAction\":[{\"@type\":\"SearchAction\",\"target\":{\"@type\":\"EntryPoint\",\"urlTemplate\":\"https:\\\/\\\/fanprojekt-oldenburg.de\\\/?s={search_term_string}\"},\"query-input\":{\"@type\":\"PropertyValueSpecification\",\"valueRequired\":true,\"valueName\":\"search_term_string\"}}],\"inLanguage\":\"de\"},{\"@type\":\"Organization\",\"@id\":\"https:\\\/\\\/fanprojekt-oldenburg.de\\\/#organization\",\"name\":\"Fanprojekt Oldenburg\",\"url\":\"https:\\\/\\\/fanprojekt-oldenburg.de\\\/\",\"logo\":{\"@type\":\"ImageObject\",\"inLanguage\":\"de\",\"@id\":\"https:\\\/\\\/fanprojekt-oldenburg.de\\\/#\\\/schema\\\/logo\\\/image\\\/\",\"url\":\"https:\\\/\\\/fanprojekt-oldenburg.de\\\/wp-content\\\/uploads\\\/2020\\\/09\\\/apple-touch-icon.png\",\"contentUrl\":\"https:\\\/\\\/fanprojekt-oldenburg.de\\\/wp-content\\\/uploads\\\/2020\\\/09\\\/apple-touch-icon.png\",\"width\":512,\"height\":512,\"caption\":\"Fanprojekt Oldenburg\"},\"image\":{\"@id\":\"https:\\\/\\\/fanprojekt-oldenburg.de\\\/#\\\/schema\\\/logo\\\/image\\\/\"},\"sameAs\":[\"https:\\\/\\\/www.instagram.com\\\/fanprojekt_oldenburg\\\/\"]},{\"@type\":\"Person\",\"@id\":\"https:\\\/\\\/fanprojekt-oldenburg.de\\\/#\\\/schema\\\/person\\\/d908e7ed93642952db2dac1ba1fcb541\",\"name\":\"Svenja\"}]}<\/script>\n<!-- \/ Yoast SEO plugin. -->","yoast_head_json":{"title":"Monatsprogramm M\u00e4rz &#8212; Fanprojekt Oldenburg","robots":{"index":"index","follow":"follow","max-snippet":"max-snippet:-1","max-image-preview":"max-image-preview:large","max-video-preview":"max-video-preview:-1"},"canonical":"https:\/\/fanprojekt-oldenburg.de\/?p=3161","og_locale":"de_DE","og_type":"article","og_title":"Monatsprogramm M\u00e4rz &#8212; Fanprojekt Oldenburg","og_description":"+++ Spielreich in den Fr\u00fchling +++ Auch, wenn der Fr\u00fchling noch etwas fern ist, wird der M\u00e4rz schon hei\u00df \ud83d\udd25 mit insgesamt 5\ufe0f\u20e3 Spielen des\u00a0@vfb_oldenburg\u00a0! Dabei ist n\u00e4mlich noch ein Nachholspiel am Ostersamstag gegen den TSV Havelse. Zu den U23 Fahrten \ud83d\ude90 wird es wieder separat Infos geben \ud83d\udc4d\ud83c\udffb Unser Offene Treff kann aufgrund anderweitiger [&hellip;]","og_url":"https:\/\/fanprojekt-oldenburg.de\/?p=3161","og_site_name":"Fanprojekt Oldenburg","article_published_time":"2024-03-01T12:00:00+00:00","article_modified_time":"2024-03-04T15:57:02+00:00","og_image":[{"width":1080,"height":1080,"url":"https:\/\/fanprojekt-oldenburg.de\/wp-content\/uploads\/2024\/03\/Titelbild-Maerz.jpg","type":"image\/jpeg"}],"author":"Svenja","twitter_card":"summary_large_image","twitter_misc":{"Verfasst von":"Svenja","Gesch\u00e4tzte Lesezeit":"2\u00a0Minuten"},"schema":{"@context":"https:\/\/schema.org","@graph":[{"@type":"Article","@id":"https:\/\/fanprojekt-oldenburg.de\/?p=3161#article","isPartOf":{"@id":"https:\/\/fanprojekt-oldenburg.de\/?p=3161"},"author":{"name":"Svenja","@id":"https:\/\/fanprojekt-oldenburg.de\/#\/schema\/person\/d908e7ed93642952db2dac1ba1fcb541"},"headline":"Monatsprogramm M\u00e4rz","datePublished":"2024-03-01T12:00:00+00:00","dateModified":"2024-03-04T15:57:02+00:00","mainEntityOfPage":{"@id":"https:\/\/fanprojekt-oldenburg.de\/?p=3161"},"wordCount":100,"commentCount":0,"publisher":{"@id":"https:\/\/fanprojekt-oldenburg.de\/#organization"},"image":{"@id":"https:\/\/fanprojekt-oldenburg.de\/?p=3161#primaryimage"},"thumbnailUrl":"https:\/\/fanprojekt-oldenburg.de\/wp-content\/uploads\/2024\/03\/Titelbild-Maerz.jpg","keywords":["Ausw\u00e4rtsfahrt","Ausw\u00e4rtsspiel","Fanprojekt Oldenburg","Fu\u00dfballtreff","Heimspiel","Offene Jugendarbeit","Soziale Arbeit mit Fu\u00dfballfans","Treff f\u00fcr Fu\u00dfballfans","U-23-Fahrt","VfB Oldenburg"],"articleSection":{"0":"Aktion","2":"News"},"inLanguage":"de","potentialAction":[{"@type":"CommentAction","name":"Comment","target":["https:\/\/fanprojekt-oldenburg.de\/?p=3161#respond"]}]},{"@type":"WebPage","@id":"https:\/\/fanprojekt-oldenburg.de\/?p=3161","url":"https:\/\/fanprojekt-oldenburg.de\/?p=3161","name":"Monatsprogramm M\u00e4rz &#8212; Fanprojekt Oldenburg","isPartOf":{"@id":"https:\/\/fanprojekt-oldenburg.de\/#website"},"primaryImageOfPage":{"@id":"https:\/\/fanprojekt-oldenburg.de\/?p=3161#primaryimage"},"image":{"@id":"https:\/\/fanprojekt-oldenburg.de\/?p=3161#primaryimage"},"thumbnailUrl":"https:\/\/fanprojekt-oldenburg.de\/wp-content\/uploads\/2024\/03\/Titelbild-Maerz.jpg","datePublished":"2024-03-01T12:00:00+00:00","dateModified":"2024-03-04T15:57:02+00:00","breadcrumb":{"@id":"https:\/\/fanprojekt-oldenburg.de\/?p=3161#breadcrumb"},"inLanguage":"de","potentialAction":[{"@type":"ReadAction","target":["https:\/\/fanprojekt-oldenburg.de\/?p=3161"]}]},{"@type":"ImageObject","inLanguage":"de","@id":"https:\/\/fanprojekt-oldenburg.de\/?p=3161#primaryimage","url":"https:\/\/fanprojekt-oldenburg.de\/wp-content\/uploads\/2024\/03\/Titelbild-Maerz.jpg","contentUrl":"https:\/\/fanprojekt-oldenburg.de\/wp-content\/uploads\/2024\/03\/Titelbild-Maerz.jpg","width":1080,"height":1080},{"@type":"BreadcrumbList","@id":"https:\/\/fanprojekt-oldenburg.de\/?p=3161#breadcrumb","itemListElement":[{"@type":"ListItem","position":1,"name":"Startseite","item":"https:\/\/fanprojekt-oldenburg.de\/"},{"@type":"ListItem","position":2,"name":"Monatsprogramm M\u00e4rz"}]},{"@type":"WebSite","@id":"https:\/\/fanprojekt-oldenburg.de\/#website","url":"https:\/\/fanprojekt-oldenburg.de\/","name":"Fanprojekt Oldenburg","description":"Soziale Arbeit mit Fu\u00dfballfans in Oldenburg","publisher":{"@id":"https:\/\/fanprojekt-oldenburg.de\/#organization"},"potentialAction":[{"@type":"SearchAction","target":{"@type":"EntryPoint","urlTemplate":"https:\/\/fanprojekt-oldenburg.de\/?s={search_term_string}"},"query-input":{"@type":"PropertyValueSpecification","valueRequired":true,"valueName":"search_term_string"}}],"inLanguage":"de"},{"@type":"Organization","@id":"https:\/\/fanprojekt-oldenburg.de\/#organization","name":"Fanprojekt Oldenburg","url":"https:\/\/fanprojekt-oldenburg.de\/","logo":{"@type":"ImageObject","inLanguage":"de","@id":"https:\/\/fanprojekt-oldenburg.de\/#\/schema\/logo\/image\/","url":"https:\/\/fanprojekt-oldenburg.de\/wp-content\/uploads\/2020\/09\/apple-touch-icon.png","contentUrl":"https:\/\/fanprojekt-oldenburg.de\/wp-content\/uploads\/2020\/09\/apple-touch-icon.png","width":512,"height":512,"caption":"Fanprojekt Oldenburg"},"image":{"@id":"https:\/\/fanprojekt-oldenburg.de\/#\/schema\/logo\/image\/"},"sameAs":["https:\/\/www.instagram.com\/fanprojekt_oldenburg\/"]},{"@type":"Person","@id":"https:\/\/fanprojekt-oldenburg.de\/#\/schema\/person\/d908e7ed93642952db2dac1ba1fcb541","name":"Svenja"}]}},"_links":{"self":[{"href":"https:\/\/fanprojekt-oldenburg.de\/index.php?rest_route=\/wp\/v2\/posts\/3161","targetHints":{"allow":["GET"]}}],"collection":[{"href":"https:\/\/fanprojekt-oldenburg.de\/index.php?rest_route=\/wp\/v2\/posts"}],"about":[{"href":"https:\/\/fanprojekt-oldenburg.de\/index.php?rest_route=\/wp\/v2\/types\/post"}],"author":[{"embeddable":true,"href":"https:\/\/fanprojekt-oldenburg.de\/index.php?rest_route=\/wp\/v2\/users\/5"}],"replies":[{"embeddable":true,"href":"https:\/\/fanprojekt-oldenburg.de\/index.php?rest_route=%2Fwp%2Fv2%2Fcomments&post=3161"}],"version-history":[{"count":5,"href":"https:\/\/fanprojekt-oldenburg.de\/index.php?rest_route=\/wp\/v2\/posts\/3161\/revisions"}],"predecessor-version":[{"id":3169,"href":"https:\/\/fanprojekt-oldenburg.de\/index.php?rest_route=\/wp\/v2\/posts\/3161\/revisions\/3169"}],"wp:featuredmedia":[{"embeddable":true,"href":"https:\/\/fanprojekt-oldenburg.de\/index.php?rest_route=\/wp\/v2\/media\/3168"}],"wp:attachment":[{"href":"https:\/\/fanprojekt-oldenburg.de\/index.php?rest_route=%2Fwp%2Fv2%2Fmedia&parent=3161"}],"wp:term":[{"taxonomy":"category","embeddable":true,"href":"https:\/\/fanprojekt-oldenburg.de\/index.php?rest_route=%2Fwp%2Fv2%2Fcategories&post=3161"},{"taxonomy":"post_tag","embeddable":true,"href":"https:\/\/fanprojekt-oldenburg.de\/index.php?rest_route=%2Fwp%2Fv2%2Ftags&post=3161"}],"curies":[{"name":"wp","href":"https:\/\/api.w.org\/{rel}","templated":true}]}}